{"id":27425,"date":"2013-02-12T22:00:33","date_gmt":"2013-02-13T01:00:33","guid":{"rendered":"http:\/\/www.locoxelrojo.com.ar\/independiente\/?p=27425"},"modified":"2013-02-18T22:39:30","modified_gmt":"2013-02-19T01:39:30","slug":"contrera-tendria-de-15-a-20-dias-de-recuperacion","status":"publish","type":"post","link":"https:\/\/www.locoxelrojo.com\/independiente\/2013\/02\/12\/contrera-tendria-de-15-a-20-dias-de-recuperacion\/","title":{"rendered":"Contrera: &#8220;Tendr\u00eda de 15 a 20 d\u00edas de recuperaci\u00f3n&#8221;"},"content":{"rendered":"<p>Gonzalo Contrera adelant\u00f3 esta noche<strong> que tendr\u00eda una distensi\u00f3n o un peque\u00f1o desgarro que lo alejar\u00e1 de las canchas por casi tres semanas. \u201cCreo que tengo un peque\u00f1o desgarro. Tendr\u00eda de 15 a 20 d\u00edas de recuperaci\u00f3n\u201d<\/strong>, afirm\u00f3 el lateral en di\u00e1logo con Orgullo Rojo Radio. Por otro lado, habl\u00f3 de la derrota ante Newell&#8217;s y a la lucha por el descenso.<\/p>\n<p><strong>\u201cTengo que esperar a los estudios, espero que sea una contractura y nada m\u00e1s, pero creo que es una distensi\u00f3n o peque\u00f1o desgarro. Tendr\u00eda de 15 a 20 d\u00edas de recuperaci\u00f3n\u201d<\/strong>, desliz\u00f3 respecto a su lesi\u00f3n que lo obligo a salir prematuramente en el partido contra Newell\u2019s.<\/p>\n<p>Luego, se refiri\u00f3 a la derrota y entendi\u00f3 que Independiente fue superior, pero que el penal errado influy\u00f3 en el resultado. <strong>\u201cYo creo que fuimos amplios superiores ante Newell\u2019s. Luego del penal, el \u00e1nimo cambio como el d\u00eda a la noche\u201d<\/strong>, sostuvo.<\/p>\n<p>Tambi\u00e9n admiti\u00f3 que en las concentraciones se ven los partidos del torneo y los rivales en la lucha por la permanencia, pero que festeja goles ajenos. <strong>\u201cNo grito ni festejo los goles de otros, pero si me ponen contento los resultados\u201d<\/strong>, expres\u00f3.<\/p>\n<p>Por \u00faltimo, asegur\u00f3 que conf\u00eda en revertir la situaci\u00f3n desde la pr\u00f3xima fecha. <strong>\u201cYo tengo fe de que vamos a ganar, estoy muy seguro. Vamos a salir adelante, estamos todos convencidos\u201d<\/strong>, concluy\u00f3.<\/p>\n","protected":false},"excerpt":{"rendered":"<p>Gonzalo Contrera adelant\u00f3 esta noche que tendr\u00eda una distensi\u00f3n o un peque\u00f1o desgarro que lo alejar\u00e1 de las canchas por casi tres semanas. \u201cCreo que tengo un peque\u00f1o desgarro. Tendr\u00eda de 15 a 20 d\u00edas de recuperaci\u00f3n\u201d, afirm\u00f3 el lateral en di\u00e1logo con Orgullo Rojo Radio. Por otro lado, habl\u00f3 de la derrota ante Newell&#8217;s [&hellip;]<\/p>\n","protected":false},"author":16,"featured_media":27881,"comment_status":"open","ping_status":"open","sticky":false,"template":"","format":"standard","meta":{"_links_to":"","_links_to_target":""},"categories":[3,1],"tags":[153,1914,173],"_links":{"self":[{"href":"https:\/\/www.locoxelrojo.com\/independiente\/wp-json\/wp\/v2\/posts\/27425"}],"collection":[{"href":"https:\/\/www.locoxelrojo.com\/independiente\/wp-json\/wp\/v2\/posts"}],"about":[{"href":"https:\/\/www.locoxelrojo.com\/independiente\/wp-json\/wp\/v2\/types\/post"}],"author":[{"embeddable":true,"href":"https:\/\/www.locoxelrojo.com\/independiente\/wp-json\/wp\/v2\/users\/16"}],"replies":[{"embeddable":true,"href":"https:\/\/www.locoxelrojo.com\/independiente\/wp-json\/wp\/v2\/comments?post=27425"}],"version-history":[{"count":0,"href":"https:\/\/www.locoxelrojo.com\/independiente\/wp-json\/wp\/v2\/posts\/27425\/revisions"}],"wp:featuredmedia":[{"embeddable":true,"href":"https:\/\/www.locoxelrojo.com\/independiente\/wp-json\/wp\/v2\/media\/27881"}],"wp:attachment":[{"href":"https:\/\/www.locoxelrojo.com\/independiente\/wp-json\/wp\/v2\/media?parent=27425"}],"wp:term":[{"taxonomy":"category","embeddable":true,"href":"https:\/\/www.locoxelrojo.com\/independiente\/wp-json\/wp\/v2\/categories?post=27425"},{"taxonomy":"post_tag","embeddable":true,"href":"https:\/\/www.locoxelrojo.com\/independiente\/wp-json\/wp\/v2\/tags?post=27425"}],"curies":[{"name":"wp","href":"https:\/\/api.w.org\/{rel}","templated":true}]}}