{"id":27448,"date":"2013-02-13T15:05:57","date_gmt":"2013-02-13T18:05:57","guid":{"rendered":"http:\/\/www.locoxelrojo.com.ar\/independiente\/?p=27448"},"modified":"2013-02-18T22:34:36","modified_gmt":"2013-02-19T01:34:36","slug":"tuzzio-se-desgarro-y-contrera-sufrio-una-distension","status":"publish","type":"post","link":"https:\/\/www.locoxelrojo.com\/independiente\/2013\/02\/13\/tuzzio-se-desgarro-y-contrera-sufrio-una-distension\/","title":{"rendered":"Tuzzio se desgarr\u00f3 y Contrera sufri\u00f3 una distensi\u00f3n"},"content":{"rendered":"<p>Eduardo Tuzzio y Gonzalo Contrera se hicieron esta ma\u00f1ana los estudios correspondientes por sus respectivas lesiones ante Newell&#8217;s. <strong>Estos arrojaron que el primero sufri\u00f3 un desgarro en el biceps femoral derecho, mientras que el segundo tiene una distensi\u00f3n grado 1 en el aductor mayor izquierdo.<\/strong><\/p>\n<p>Si bien Am\u00e9rico Gallego ya sab\u00eda que iba a tener a ambos jugadores afuera para el encuentro ante V\u00e9lez, no esper\u00f3 que las lesiones sean a\u00fan peores. <strong>Tuzzio estar\u00e1 afuera de las canchas por 21 d\u00edas y Contrera tendr\u00e1 alrededor de 15 d\u00edas de recuperaci\u00f3n.<\/strong><\/p>\n<p>En cuanto a<strong> Sergio Ojeda, entren\u00f3 de manera diferenciada y podr\u00eda llegar en condiciones para el cl\u00e1sico ante Racing del domingo 24 de febrero.<\/strong><\/p>\n","protected":false},"excerpt":{"rendered":"<p>Eduardo Tuzzio y Gonzalo Contrera se hicieron esta ma\u00f1ana los estudios correspondientes por sus respectivas lesiones ante Newell&#8217;s. Estos arrojaron que el primero sufri\u00f3 un desgarro en el biceps femoral derecho, mientras que el segundo tiene una distensi\u00f3n grado 1 en el aductor mayor izquierdo. Si bien Am\u00e9rico Gallego ya sab\u00eda que iba a tener [&hellip;]<\/p>\n","protected":false},"author":11,"featured_media":27875,"comment_status":"open","ping_status":"open","sticky":false,"template":"","format":"standard","meta":{"_links_to":"","_links_to_target":""},"categories":[3,1],"tags":[153,135,1914,173,997],"_links":{"self":[{"href":"https:\/\/www.locoxelrojo.com\/independiente\/wp-json\/wp\/v2\/posts\/27448"}],"collection":[{"href":"https:\/\/www.locoxelrojo.com\/independiente\/wp-json\/wp\/v2\/posts"}],"about":[{"href":"https:\/\/www.locoxelrojo.com\/independiente\/wp-json\/wp\/v2\/types\/post"}],"author":[{"embeddable":true,"href":"https:\/\/www.locoxelrojo.com\/independiente\/wp-json\/wp\/v2\/users\/11"}],"replies":[{"embeddable":true,"href":"https:\/\/www.locoxelrojo.com\/independiente\/wp-json\/wp\/v2\/comments?post=27448"}],"version-history":[{"count":0,"href":"https:\/\/www.locoxelrojo.com\/independiente\/wp-json\/wp\/v2\/posts\/27448\/revisions"}],"wp:featuredmedia":[{"embeddable":true,"href":"https:\/\/www.locoxelrojo.com\/independiente\/wp-json\/wp\/v2\/media\/27875"}],"wp:attachment":[{"href":"https:\/\/www.locoxelrojo.com\/independiente\/wp-json\/wp\/v2\/media?parent=27448"}],"wp:term":[{"taxonomy":"category","embeddable":true,"href":"https:\/\/www.locoxelrojo.com\/independiente\/wp-json\/wp\/v2\/categories?post=27448"},{"taxonomy":"post_tag","embeddable":true,"href":"https:\/\/www.locoxelrojo.com\/independiente\/wp-json\/wp\/v2\/tags?post=27448"}],"curies":[{"name":"wp","href":"https:\/\/api.w.org\/{rel}","templated":true}]}}