{"id":27460,"date":"2013-02-13T21:03:55","date_gmt":"2013-02-14T00:03:55","guid":{"rendered":"http:\/\/www.locoxelrojo.com.ar\/independiente\/?p=27460"},"modified":"2013-02-18T22:30:22","modified_gmt":"2013-02-19T01:30:22","slug":"el-arbitro-ante-velez-sera-pablo-lunati","status":"publish","type":"post","link":"https:\/\/www.locoxelrojo.com\/independiente\/2013\/02\/13\/el-arbitro-ante-velez-sera-pablo-lunati\/","title":{"rendered":"El \u00e1rbitro ante V\u00e9lez ser\u00e1 Pablo Lunati"},"content":{"rendered":"<p>&nbsp;<\/p>\n<p>La Asociaci\u00f3n de F\u00fatbol Argentino dio a conocer la n\u00f3mina de \u00e1rbitros designados para la Fecha 2 del Torneo Final 2013. <strong>Independiente visita a V\u00e9lez en el Jos\u00e9 Amalfitani el s\u00e1bado a las 20.15h y para ese encuentro, fue designado a dedo Pablo Lunati.<\/strong><\/p>\n<p><strong>En el Inicial 2012, Lunati pit\u00f3 en cuatro oportunidades a Independiente y nunca pudo sumar de a tres: 1 derrota y 3 empates. Sin embargo, las estad\u00edsticas en toda su carrera dirigiendo al Rojo son postivas: 25 veces con 11 triunfos, 8 empates y 6 derrotas.<\/strong><\/p>\n<p><strong>As\u00ed se va a jugar la Fecha 2 del Final 2013:<\/strong><\/p>\n<p><strong>Viernes 15 de febrero<\/strong><br \/>\n21.15&#8211;Racing Club-Argentinos Juniors, \u00e1rbitro: Pablo D\u00edaz (TV)<\/p>\n<p><strong>S\u00e1bado 16 de febrero<\/strong><br \/>\n17.00&#8211;Godoy Cruz Antonio Tomba-Uni\u00f3n de Santa Fe, \u00e1rbitro: Sergio Pezzotta (TV)<br \/>\n17.10&#8211;San Lorenzo de Almagro-Belgrano de C\u00f3rdoba, \u00e1rbitro: Luis \u00c1lvarez (TV)<br \/>\n19.15&#8211;Col\u00f3n de Santa Fe-San Mart\u00edn de San Juan, \u00e1rbitro: Mauro Vigliano (TV)<br \/>\n<strong>20.15&#8211;V\u00e9lez Sarsfield-Independiente, \u00e1rbitro: Pablo Lunati (TV)<\/strong><\/p>\n<p><strong>Domingo 17 de febrero<\/strong><br \/>\n17.00&#8211;Tigre-Boca Juniors, \u00e1rbitro Patricio Loustau (TV)<br \/>\n17.10&#8211;Quilmes-All Boys, \u00e1rbitro: Sa\u00fal Laverni (TV)<br \/>\n18.00&#8211;Newell\u2019s Old Boys-Lan\u00fas, \u00e1rbitro: Germ\u00e1n Delfino (TV)<br \/>\n20.15&#8211;River Plate-Estudiantes de La Plata, \u00e1rbitro: Diego Abal (TV)<\/p>\n<p><strong>Lunes 18 de febrero<\/strong><br \/>\n20.15&#8211;Arsenal de Sarand\u00ed-At. Rafaela, \u00e1rbitro: N\u00e9stor Pitana (TV).<\/p>\n","protected":false},"excerpt":{"rendered":"<p>&nbsp; La Asociaci\u00f3n de F\u00fatbol Argentino dio a conocer la n\u00f3mina de \u00e1rbitros designados para la Fecha 2 del Torneo Final 2013. Independiente visita a V\u00e9lez en el Jos\u00e9 Amalfitani el s\u00e1bado a las 20.15h y para ese encuentro, fue designado a dedo Pablo Lunati. En el Inicial 2012, Lunati pit\u00f3 en cuatro oportunidades a [&hellip;]<\/p>\n","protected":false},"author":1,"featured_media":27865,"comment_status":"open","ping_status":"open","sticky":false,"template":"","format":"standard","meta":{"_links_to":"","_links_to_target":""},"categories":[3,1],"tags":[153,173,142,1972,213],"_links":{"self":[{"href":"https:\/\/www.locoxelrojo.com\/independiente\/wp-json\/wp\/v2\/posts\/27460"}],"collection":[{"href":"https:\/\/www.locoxelrojo.com\/independiente\/wp-json\/wp\/v2\/posts"}],"about":[{"href":"https:\/\/www.locoxelrojo.com\/independiente\/wp-json\/wp\/v2\/types\/post"}],"author":[{"embeddable":true,"href":"https:\/\/www.locoxelrojo.com\/independiente\/wp-json\/wp\/v2\/users\/1"}],"replies":[{"embeddable":true,"href":"https:\/\/www.locoxelrojo.com\/independiente\/wp-json\/wp\/v2\/comments?post=27460"}],"version-history":[{"count":0,"href":"https:\/\/www.locoxelrojo.com\/independiente\/wp-json\/wp\/v2\/posts\/27460\/revisions"}],"wp:featuredmedia":[{"embeddable":true,"href":"https:\/\/www.locoxelrojo.com\/independiente\/wp-json\/wp\/v2\/media\/27865"}],"wp:attachment":[{"href":"https:\/\/www.locoxelrojo.com\/independiente\/wp-json\/wp\/v2\/media?parent=27460"}],"wp:term":[{"taxonomy":"category","embeddable":true,"href":"https:\/\/www.locoxelrojo.com\/independiente\/wp-json\/wp\/v2\/categories?post=27460"},{"taxonomy":"post_tag","embeddable":true,"href":"https:\/\/www.locoxelrojo.com\/independiente\/wp-json\/wp\/v2\/tags?post=27460"}],"curies":[{"name":"wp","href":"https:\/\/api.w.org\/{rel}","templated":true}]}}