{"id":2788,"date":"2010-11-14T16:02:05","date_gmt":"2010-11-14T18:02:05","guid":{"rendered":"http:\/\/www.locoxelrojo.com.ar\/independiente\/?p=2788"},"modified":"2010-11-14T16:02:05","modified_gmt":"2010-11-14T18:02:05","slug":"independiente-viaja-el-martes-a-las-14","status":"publish","type":"post","link":"https:\/\/www.locoxelrojo.com\/independiente\/2010\/11\/14\/independiente-viaja-el-martes-a-las-14\/","title":{"rendered":"Independiente viaja el martes a las 14"},"content":{"rendered":"<p><a href=\"http:\/\/www.locoxelrojo.com.ar\/independiente\/wp-content\/uploads\/2010\/11\/guayaquil.jpg\"><img loading=\"lazy\" class=\"alignnone size-full wp-image-2789\" title=\"guayaquil\" src=\"http:\/\/www.locoxelrojo.com.ar\/independiente\/wp-content\/uploads\/2010\/11\/guayaquil.jpg\" alt=\"\" width=\"550\" height=\"315\" srcset=\"https:\/\/locoxelrojo.com\/independiente\/wp-content\/uploads\/2010\/11\/guayaquil.jpg 550w, https:\/\/locoxelrojo.com\/independiente\/wp-content\/uploads\/2010\/11\/guayaquil-300x171.jpg 300w\" sizes=\"(max-width: 550px) 100vw, 550px\" \/><\/a><\/p>\n<p>Finalmente el petitorio de Mohamed de viajar post Olimpo no va a ser posible. Seg\u00fan informan desde el departamento de prensa del club, el viaje a Ecuador se realizar\u00e1 en vuelo\u00a0ch\u00e1rter\u00a0de\u00a0Aerol\u00edneas\u00a0Argentinas el pr\u00f3ximo martes a las 14 horas.<\/p>\n<p>Desde Ezeiza volar\u00e1n a Guayaquil en donde no hay altura y permanecer\u00e1n hasta el jueves cuando la delegaci\u00f3n vuele a Quito en ese mismo charter. El precio es de 1500 d\u00f3lares y la vuelta desde Guayaquil ser\u00e1 el viernes 2 am -horario de Quito-. Luego del partido se trasladar\u00e1n desde Quito nuevamente hacia Guayaquil.<\/p>\n","protected":false},"excerpt":{"rendered":"<p>Finalmente el petitorio de Mohamed de viajar post Olimpo no va a ser posible. Seg\u00fan informan desde el departamento de prensa del club, el viaje a Ecuador se realizar\u00e1 en vuelo\u00a0ch\u00e1rter\u00a0de\u00a0Aerol\u00edneas\u00a0Argentinas el pr\u00f3ximo martes a las 14 horas. Desde Ezeiza volar\u00e1n a Guayaquil en donde no hay altura y permanecer\u00e1n hasta el jueves cuando la [&hellip;]<\/p>\n","protected":false},"author":1,"featured_media":0,"comment_status":"open","ping_status":"open","sticky":false,"template":"","format":"standard","meta":{"_links_to":"","_links_to_target":""},"categories":[7,1],"tags":[263,264,153,261,182,262],"_links":{"self":[{"href":"https:\/\/www.locoxelrojo.com\/independiente\/wp-json\/wp\/v2\/posts\/2788"}],"collection":[{"href":"https:\/\/www.locoxelrojo.com\/independiente\/wp-json\/wp\/v2\/posts"}],"about":[{"href":"https:\/\/www.locoxelrojo.com\/independiente\/wp-json\/wp\/v2\/types\/post"}],"author":[{"embeddable":true,"href":"https:\/\/www.locoxelrojo.com\/independiente\/wp-json\/wp\/v2\/users\/1"}],"replies":[{"embeddable":true,"href":"https:\/\/www.locoxelrojo.com\/independiente\/wp-json\/wp\/v2\/comments?post=2788"}],"version-history":[{"count":0,"href":"https:\/\/www.locoxelrojo.com\/independiente\/wp-json\/wp\/v2\/posts\/2788\/revisions"}],"wp:attachment":[{"href":"https:\/\/www.locoxelrojo.com\/independiente\/wp-json\/wp\/v2\/media?parent=2788"}],"wp:term":[{"taxonomy":"category","embeddable":true,"href":"https:\/\/www.locoxelrojo.com\/independiente\/wp-json\/wp\/v2\/categories?post=2788"},{"taxonomy":"post_tag","embeddable":true,"href":"https:\/\/www.locoxelrojo.com\/independiente\/wp-json\/wp\/v2\/tags?post=2788"}],"curies":[{"name":"wp","href":"https:\/\/api.w.org\/{rel}","templated":true}]}}