{"id":27963,"date":"2013-02-19T10:11:24","date_gmt":"2013-02-19T13:11:24","guid":{"rendered":"http:\/\/www.locoxelrojo.com.ar\/independiente\/?p=27963"},"modified":"2013-02-20T04:12:28","modified_gmt":"2013-02-20T07:12:28","slug":"racing-se-prepara-para-el-clasico","status":"publish","type":"post","link":"https:\/\/www.locoxelrojo.com\/independiente\/2013\/02\/19\/racing-se-prepara-para-el-clasico\/","title":{"rendered":"Racing se prepara para el cl\u00e1sico"},"content":{"rendered":"<p><strong>Racing comenz\u00f3 a prepararse para visitar al Rojo el pr\u00f3ximo domingo a las 17h en el Libertadores de Am\u00e9rica.<\/strong><\/p>\n<p><strong>El plantel de Luis Zubeld\u00eda, debido a la lluvia, se entren\u00f3 en el Polideportivo y en la cancha auxiliar de Avellaneda. La pr\u00e1ctica comenz\u00f3 con trabajos de fuerza general y preventiva. Adem\u00e1s realizaron trabajos de posesi\u00f3n del bal\u00f3n.<\/strong><\/p>\n<p>Luego, en la cancha auxiliar, hubo ejercicios t\u00e1cticos durante 25 minutos. <strong>Solamente tres jugadores entrenaron diferenciado: Iv\u00e1n Pillud por precauci\u00f3n, Luis Fari\u00f1a en kinesiolog\u00eda y Luciano Aued hizo bicicleta para adelantar su recuperaci\u00f3n.<\/strong><\/p>\n<p>La Academia vuelve ma\u00f1ana a los entrenamientos y seguro se ver\u00e1 el once que tiene en mente Zubeld\u00eda para el domingo.<\/p>\n","protected":false},"excerpt":{"rendered":"<p>Racing comenz\u00f3 a prepararse para visitar al Rojo el pr\u00f3ximo domingo a las 17h en el Libertadores de Am\u00e9rica. El plantel de Luis Zubeld\u00eda, debido a la lluvia, se entren\u00f3 en el Polideportivo y en la cancha auxiliar de Avellaneda. La pr\u00e1ctica comenz\u00f3 con trabajos de fuerza general y preventiva. Adem\u00e1s realizaron trabajos de posesi\u00f3n [&hellip;]<\/p>\n","protected":false},"author":14,"featured_media":27964,"comment_status":"closed","ping_status":"closed","sticky":false,"template":"","format":"standard","meta":{"_links_to":"","_links_to_target":""},"categories":[1990,1],"tags":[134,3275,1997,1999,1998,1669,210],"_links":{"self":[{"href":"https:\/\/www.locoxelrojo.com\/independiente\/wp-json\/wp\/v2\/posts\/27963"}],"collection":[{"href":"https:\/\/www.locoxelrojo.com\/independiente\/wp-json\/wp\/v2\/posts"}],"about":[{"href":"https:\/\/www.locoxelrojo.com\/independiente\/wp-json\/wp\/v2\/types\/post"}],"author":[{"embeddable":true,"href":"https:\/\/www.locoxelrojo.com\/independiente\/wp-json\/wp\/v2\/users\/14"}],"replies":[{"embeddable":true,"href":"https:\/\/www.locoxelrojo.com\/independiente\/wp-json\/wp\/v2\/comments?post=27963"}],"version-history":[{"count":0,"href":"https:\/\/www.locoxelrojo.com\/independiente\/wp-json\/wp\/v2\/posts\/27963\/revisions"}],"wp:featuredmedia":[{"embeddable":true,"href":"https:\/\/www.locoxelrojo.com\/independiente\/wp-json\/wp\/v2\/media\/27964"}],"wp:attachment":[{"href":"https:\/\/www.locoxelrojo.com\/independiente\/wp-json\/wp\/v2\/media?parent=27963"}],"wp:term":[{"taxonomy":"category","embeddable":true,"href":"https:\/\/www.locoxelrojo.com\/independiente\/wp-json\/wp\/v2\/categories?post=27963"},{"taxonomy":"post_tag","embeddable":true,"href":"https:\/\/www.locoxelrojo.com\/independiente\/wp-json\/wp\/v2\/tags?post=27963"}],"curies":[{"name":"wp","href":"https:\/\/api.w.org\/{rel}","templated":true}]}}