{"id":28,"date":"2010-08-15T06:59:28","date_gmt":"2010-08-15T06:59:28","guid":{"rendered":"http:\/\/www.locoxelrojo.com.ar\/independiente\/?p=28"},"modified":"2015-09-08T21:27:20","modified_gmt":"2015-09-09T00:27:20","slug":"vamos-a-meter-todo-sin-importar-el-rival-que-enfrentemos","status":"publish","type":"post","link":"https:\/\/www.locoxelrojo.com\/independiente\/2010\/08\/15\/vamos-a-meter-todo-sin-importar-el-rival-que-enfrentemos\/","title":{"rendered":"Fredes: &#8220;Vamos a meter todo sin importar el rival que enfrentemos&#8221;"},"content":{"rendered":"<p><a href=\"http:\/\/www.locoxelrojo.com.ar\/independiente\/wp-content\/uploads\/2010\/08\/fredes.jpg\"><img loading=\"lazy\" class=\"alignnone size-full wp-image-29\" title=\"fredes\" src=\"http:\/\/www.locoxelrojo.com.ar\/independiente\/wp-content\/uploads\/2010\/08\/fredes.jpg\" alt=\"\" width=\"590\" height=\"315\" srcset=\"https:\/\/locoxelrojo.com\/independiente\/wp-content\/uploads\/2010\/08\/fredes.jpg 590w, https:\/\/locoxelrojo.com\/independiente\/wp-content\/uploads\/2010\/08\/fredes-300x160.jpg 300w\" sizes=\"(max-width: 590px) 100vw, 590px\" \/><\/a><\/p>\n<p>Hern\u00e1n Fredes fue probado durante la pretemporada como n\u00famero 5, dej\u00f3 la banda derecha\u00a0 y hasta volvi\u00f3 a la izquierda. Volante polifuncional, todo parece indicar que Garnero le busca posici\u00f3n.<\/p>\n<p>-\u00bfQue rescatas de la pretemporada?<\/p>\n<p>En la pretemporada anduvimos bien, nos estamos conociendo con los chicos y se est\u00e1 formando un lindo grupo.<\/p>\n<p>-\u00bfDejas la banda derecha?<\/p>\n<p>No s\u00e9 si voy a jugar de 8 o en otro puesto. Estuve tambi\u00e9n de doble 5 y de volante izquierda.<\/p>\n<p>-Muchos hinchas coinciden en que en los pocos partidos en los cuales jugaste en el mediocampo, lograste tus rendimientos m\u00e1s altos en el club, \u00bfSe sent\u00eds c\u00f3modo?<\/p>\n<p>Me gusta la posici\u00f3n porque cuando jug\u00e1s por los costados te condiciona mucho la raya. En el medio ten\u00e9s m\u00e1s panorama y participaci\u00f3n por qu\u00e9 agarr\u00e1s m\u00e1s la pelota.<\/p>\n<p>-\u00bfC\u00f3mo ves el esquema? Puede convertirse en 4-4-2 pero la mayor\u00eda de las veces durante la pretemporada fue 4-2-3-1. Ahora lleg\u00f3 Parra y con Graci\u00e1n o Pacheco se puede jugar con enganche tambi\u00e9n.<\/p>\n<p>Hay varios chicos&#8230; lleg\u00f3 Germ\u00e1n Pacheco y est\u00e1 &#8220;Patito&#8221; que pueden hacer compa\u00f1\u00eda a los delanteros. Lo mismo con el &#8220;Tano&#8221;. El que dice que el &#8220;Caqui&#8221; est\u00e1 solo tiene que observar que en este sistema tanto Nico (Cabrera) como Mancu (Mancuello) llegan muy bien al fondo. Si se juega con doble 5, el &#8220;Cuqui&#8221; va a estar siempre en el \u00e1rea y el &#8220;Tano&#8221; tiene que llegar. Por otro lado, uno de los dos cincos tiene que estar en el borde del \u00e1rea para agarrar los rebotes.<\/p>\n<p>-\u00bfPudiste ver la llave de la Sudamericana? Si le ganan a Argentinos Juniors juegan contra el ganador de Defensor Sporting &#8211; Olimpia, dos equipos que no son los mejores en las ligas de Uruguay y Paraguay, respectivamente por que los mejores posicionados de estos pa\u00edses clasifican a la Libertadores. Por otro lado, de ganar, enfrentar\u00edan a un equipo peruano y ya estar\u00edan con un pie en semifinales.<\/p>\n<p>El tema de la Sudamericana pasa m\u00e1s por las ansias que tenemos. Creo que en una copa son partidos aparte. Le vamos a meter todo sin importar el rival que enfrentemos. Igualmente se dio as\u00ed y es mucho mejor para nosotros. Je&#8230;<\/p>\n<p>Hern\u00e1n\u00a0 Fredes debut\u00f3 en Independiente el 28 de febrero de 2006 ante Quilmes en un 0-0. Con 23 a\u00f1os, tiene 87 partidos jugados y 2 goles.<\/p>\n<p>Fue 62 veces titular, mientras que en 24 oportunidades ingres\u00f3 desde el banco de los suplentes. En el Metallist de Ucrania, fue titular en 12 de los 15 encuentros disputados.<\/p>\n","protected":false},"excerpt":{"rendered":"<p>Hern\u00e1n Fredes fue probado durante la pretemporada como n\u00famero 5, dej\u00f3 la banda derecha\u00a0 y hasta volvi\u00f3 a la izquierda. Volante polifuncional, todo parece indicar que Garnero le busca posici\u00f3n. -\u00bfQue rescatas de la pretemporada? En la pretemporada anduvimos bien, nos estamos conociendo con los chicos y se est\u00e1 formando un lindo grupo. -\u00bfDejas la [&hellip;]<\/p>\n","protected":false},"author":1,"featured_media":0,"comment_status":"open","ping_status":"open","sticky":false,"template":"","format":"standard","meta":{"_links_to":"","_links_to_target":""},"categories":[3,1],"tags":[71],"_links":{"self":[{"href":"https:\/\/www.locoxelrojo.com\/independiente\/wp-json\/wp\/v2\/posts\/28"}],"collection":[{"href":"https:\/\/www.locoxelrojo.com\/independiente\/wp-json\/wp\/v2\/posts"}],"about":[{"href":"https:\/\/www.locoxelrojo.com\/independiente\/wp-json\/wp\/v2\/types\/post"}],"author":[{"embeddable":true,"href":"https:\/\/www.locoxelrojo.com\/independiente\/wp-json\/wp\/v2\/users\/1"}],"replies":[{"embeddable":true,"href":"https:\/\/www.locoxelrojo.com\/independiente\/wp-json\/wp\/v2\/comments?post=28"}],"version-history":[{"count":0,"href":"https:\/\/www.locoxelrojo.com\/independiente\/wp-json\/wp\/v2\/posts\/28\/revisions"}],"wp:attachment":[{"href":"https:\/\/www.locoxelrojo.com\/independiente\/wp-json\/wp\/v2\/media?parent=28"}],"wp:term":[{"taxonomy":"category","embeddable":true,"href":"https:\/\/www.locoxelrojo.com\/independiente\/wp-json\/wp\/v2\/categories?post=28"},{"taxonomy":"post_tag","embeddable":true,"href":"https:\/\/www.locoxelrojo.com\/independiente\/wp-json\/wp\/v2\/tags?post=28"}],"curies":[{"name":"wp","href":"https:\/\/api.w.org\/{rel}","templated":true}]}}