{"id":28579,"date":"2013-02-26T12:53:21","date_gmt":"2013-02-26T15:53:21","guid":{"rendered":"http:\/\/www.locoxelrojo.com.ar\/independiente\/?p=28579"},"modified":"2013-02-26T12:53:21","modified_gmt":"2013-02-26T15:53:21","slug":"proximo-rival-arsenal","status":"publish","type":"post","link":"https:\/\/www.locoxelrojo.com\/independiente\/2013\/02\/26\/proximo-rival-arsenal\/","title":{"rendered":"Pr\u00f3ximo rival: Arsenal"},"content":{"rendered":"<p>El equipo de Am\u00e9rico Gallego gan\u00f3 el cl\u00e1sico y tendr\u00e1 una semana de trabajo tranquila, pero no puede relajarse porque la situaci\u00f3n no lo permite. <strong>El pr\u00f3ximo s\u00e1bado a las 20:15h visita a Arsenal por la cuarta fecha del Torneo Final y deber\u00e1 salir a ganar si quiere seguir con esta racha positiva.<\/strong><\/p>\n<p>El viernes por la tarde, el conjunto de Gustavo Alfaro, venci\u00f3 por 2 a 1 a Argentinos como visitante por la tercer fecha del Torneo Final y lleg\u00f3 a las cinco unidades. La mala noticia de la jornada fue la lesi\u00f3n del goleador del equipo, <strong>Emilio Zelaya, quien sufri\u00f3 la rotura de ligamentos en su rodilla izquierda y ser\u00e1 baja por 6 meses.<\/strong><\/p>\n<p><strong>Arsenal recibir\u00e1 esta noche a Atl\u00e9tico Mineiro por la segunda fecha de la fase de grupos de la Copa Libertadores, en un partido complicado y jugar\u00e1n los titulares.<\/strong> El equipo de Alfaro se entren\u00f3 el s\u00e1bado y el domingo, para luego quedar concentrado.<\/p>\n<p><strong>Los probables titulares de esta noche: Campestrini; Nervo, L\u00f3pez, Braghieri, Cuesta; Carbonero, Marcone, Ort\u00edz, Aguirre; Furch y Benedetto.<\/strong><\/p>\n","protected":false},"excerpt":{"rendered":"<p>El equipo de Am\u00e9rico Gallego gan\u00f3 el cl\u00e1sico y tendr\u00e1 una semana de trabajo tranquila, pero no puede relajarse porque la situaci\u00f3n no lo permite. El pr\u00f3ximo s\u00e1bado a las 20:15h visita a Arsenal por la cuarta fecha del Torneo Final y deber\u00e1 salir a ganar si quiere seguir con esta racha positiva. El viernes [&hellip;]<\/p>\n","protected":false},"author":14,"featured_media":28588,"comment_status":"closed","ping_status":"closed","sticky":false,"template":"","format":"standard","meta":{"_links_to":"","_links_to_target":""},"categories":[1990,3,1],"tags":[1099,3275],"_links":{"self":[{"href":"https:\/\/www.locoxelrojo.com\/independiente\/wp-json\/wp\/v2\/posts\/28579"}],"collection":[{"href":"https:\/\/www.locoxelrojo.com\/independiente\/wp-json\/wp\/v2\/posts"}],"about":[{"href":"https:\/\/www.locoxelrojo.com\/independiente\/wp-json\/wp\/v2\/types\/post"}],"author":[{"embeddable":true,"href":"https:\/\/www.locoxelrojo.com\/independiente\/wp-json\/wp\/v2\/users\/14"}],"replies":[{"embeddable":true,"href":"https:\/\/www.locoxelrojo.com\/independiente\/wp-json\/wp\/v2\/comments?post=28579"}],"version-history":[{"count":0,"href":"https:\/\/www.locoxelrojo.com\/independiente\/wp-json\/wp\/v2\/posts\/28579\/revisions"}],"wp:featuredmedia":[{"embeddable":true,"href":"https:\/\/www.locoxelrojo.com\/independiente\/wp-json\/wp\/v2\/media\/28588"}],"wp:attachment":[{"href":"https:\/\/www.locoxelrojo.com\/independiente\/wp-json\/wp\/v2\/media?parent=28579"}],"wp:term":[{"taxonomy":"category","embeddable":true,"href":"https:\/\/www.locoxelrojo.com\/independiente\/wp-json\/wp\/v2\/categories?post=28579"},{"taxonomy":"post_tag","embeddable":true,"href":"https:\/\/www.locoxelrojo.com\/independiente\/wp-json\/wp\/v2\/tags?post=28579"}],"curies":[{"name":"wp","href":"https:\/\/api.w.org\/{rel}","templated":true}]}}