{"id":28590,"date":"2013-02-26T13:21:43","date_gmt":"2013-02-26T16:21:43","guid":{"rendered":"http:\/\/www.locoxelrojo.com.ar\/independiente\/?p=28590"},"modified":"2013-02-26T14:10:24","modified_gmt":"2013-02-26T17:10:24","slug":"vuelta-despues-del-clasico-con-novedades","status":"publish","type":"post","link":"https:\/\/www.locoxelrojo.com\/independiente\/2013\/02\/26\/vuelta-despues-del-clasico-con-novedades\/","title":{"rendered":"Vuelta despu\u00e9s del cl\u00e1sico con novedades"},"content":{"rendered":"<p><strong>Independiente volvi\u00f3 a los trabajos esta ma\u00f1ana con plantel completo, luego de la victoria en el Cl\u00e1sico de Avellaneda por 2 a 0. Los que no jugaron ante Racing tuvieron los primeros movimientos, mientras que los titulares descansaron.<\/strong><\/p>\n<p>Esta ma\u00f1ana hubo varias novedades. Finalmente, como se esperaba hace varios d\u00edas, <strong>V\u00edctor Zapata se sum\u00f3 a las pr\u00e1cticas junto al resto de sus compa\u00f1eros<\/strong>. Luego de una larga charla con Am\u00e9rico Gallego, se limaron las asperezas y el Chapa est\u00e1 nuevamente a disposici\u00f3n del entrenador.<\/p>\n<p><strong>La ma\u00f1ana arranc\u00f3 con trotes por una de las canchas del predio de Santo Domingo. Los que jugaron el \u00faltimo fin de semana, realizaron algunos trabajos regenerativos, mientras que los que no lo hicieron o participaron pocos minutos y Daniel Montenegro, cerraron con f\u00fatbol en espacios reducidos.<\/strong><\/p>\n<p><strong>Gonzalo Contrera ya est\u00e1 recuperado de su distensi\u00f3n y se reincorpor\u00f3 al grupo.<\/strong> En cuanto a los lesionados, Eduardo Tuzzio y Leonel Buter son los \u00fanicos que trabajan en forma diferenciada. <strong>El delantero avanza favorablemente de su rotura de ligamentos y ya realiza los primeros trotes.<\/strong><\/p>\n","protected":false},"excerpt":{"rendered":"<p>Independiente volvi\u00f3 a los trabajos esta ma\u00f1ana con plantel completo, luego de la victoria en el Cl\u00e1sico de Avellaneda por 2 a 0. Los que no jugaron ante Racing tuvieron los primeros movimientos, mientras que los titulares descansaron. Esta ma\u00f1ana hubo varias novedades. Finalmente, como se esperaba hace varios d\u00edas, V\u00edctor Zapata se sum\u00f3 a [&hellip;]<\/p>\n","protected":false},"author":11,"featured_media":28591,"comment_status":"closed","ping_status":"closed","sticky":false,"template":"","format":"standard","meta":{"_links_to":"","_links_to_target":""},"categories":[3,1],"tags":[135,26,1914,289,1571],"_links":{"self":[{"href":"https:\/\/www.locoxelrojo.com\/independiente\/wp-json\/wp\/v2\/posts\/28590"}],"collection":[{"href":"https:\/\/www.locoxelrojo.com\/independiente\/wp-json\/wp\/v2\/posts"}],"about":[{"href":"https:\/\/www.locoxelrojo.com\/independiente\/wp-json\/wp\/v2\/types\/post"}],"author":[{"embeddable":true,"href":"https:\/\/www.locoxelrojo.com\/independiente\/wp-json\/wp\/v2\/users\/11"}],"replies":[{"embeddable":true,"href":"https:\/\/www.locoxelrojo.com\/independiente\/wp-json\/wp\/v2\/comments?post=28590"}],"version-history":[{"count":0,"href":"https:\/\/www.locoxelrojo.com\/independiente\/wp-json\/wp\/v2\/posts\/28590\/revisions"}],"wp:featuredmedia":[{"embeddable":true,"href":"https:\/\/www.locoxelrojo.com\/independiente\/wp-json\/wp\/v2\/media\/28591"}],"wp:attachment":[{"href":"https:\/\/www.locoxelrojo.com\/independiente\/wp-json\/wp\/v2\/media?parent=28590"}],"wp:term":[{"taxonomy":"category","embeddable":true,"href":"https:\/\/www.locoxelrojo.com\/independiente\/wp-json\/wp\/v2\/categories?post=28590"},{"taxonomy":"post_tag","embeddable":true,"href":"https:\/\/www.locoxelrojo.com\/independiente\/wp-json\/wp\/v2\/tags?post=28590"}],"curies":[{"name":"wp","href":"https:\/\/api.w.org\/{rel}","templated":true}]}}