{"id":28833,"date":"2013-03-02T19:58:35","date_gmt":"2013-03-02T22:58:35","guid":{"rendered":"http:\/\/www.locoxelrojo.com.ar\/independiente\/?p=28833"},"modified":"2013-03-03T01:52:36","modified_gmt":"2013-03-03T04:52:36","slug":"contrera-se-fue-expulsado-y-no-estara-ante-godoy-cruz","status":"publish","type":"post","link":"https:\/\/www.locoxelrojo.com\/independiente\/2013\/03\/02\/contrera-se-fue-expulsado-y-no-estara-ante-godoy-cruz\/","title":{"rendered":"Contrera se fue expulsado y no estar\u00e1 ante Godoy Cruz"},"content":{"rendered":"<p>El poco tiempo en cancha de Gonzalo Contrera ante Arsenal fue suficiente para sumar otra mancha en las estad\u00edsticas de Independiente. El juvenil ingres\u00f3 a los 17 minutos del complemento en reemplazo de Sergio Ojeda pero <strong>se fue al vestuario antes de tiempo, ya que Patricio Loustau lo expuls\u00f3 por doble amonestaci\u00f3n<\/strong>.<\/p>\n<p>En su segundo partido en Primera Divisi\u00f3n, Contrera estuvo menos de 20 minutos en el campo de juego. <strong>Tras dos infracciones clar\u00edsimas a los 34 y a los 38, el \u00e1rbitro no dud\u00f3 en sacarle la roja al defensor<\/strong>, quien no supo medirse a la hora de disputar la pelota.<\/p>\n<p>De esta manera,<strong> el lateral derecho sum\u00f3 su primera expulsi\u00f3n en tan s\u00f3lo dos encuentros en la m\u00e1xima categor\u00eda y se perder\u00e1 el partido del pr\u00f3ximo viernes ante Godoy Cruz en Avellaneda<\/strong>. Cabe destacar que el duelo ante Arsenal hab\u00eda marcado su vuelta a las canchas tras una distensi\u00f3n que lo oblig\u00f3 a salir en su debut como titular ante Newell\u2019s.<\/p>\n<p>La sanci\u00f3n del lateral derecho es un problema m\u00e1s para Am\u00e9rico Gallego, que hab\u00eda logrado repetir la formaci\u00f3n de Independiente despu\u00e9s de 139 partidos y ahora deber\u00e1 rearmar la defensa, ya que Cristian Tula y Claudio Morel Rodr\u00edguez terminaron con molestias y Ojeda se retir\u00f3 lesionado.<\/p>\n","protected":false},"excerpt":{"rendered":"<p>El poco tiempo en cancha de Gonzalo Contrera ante Arsenal fue suficiente para sumar otra mancha en las estad\u00edsticas de Independiente. El juvenil ingres\u00f3 a los 17 minutos del complemento en reemplazo de Sergio Ojeda pero se fue al vestuario antes de tiempo, ya que Patricio Loustau lo expuls\u00f3 por doble amonestaci\u00f3n. En su segundo [&hellip;]<\/p>\n","protected":false},"author":8,"featured_media":28838,"comment_status":"closed","ping_status":"closed","sticky":false,"template":"","format":"standard","meta":{"_links_to":"","_links_to_target":""},"categories":[3,1],"tags":[1914],"_links":{"self":[{"href":"https:\/\/www.locoxelrojo.com\/independiente\/wp-json\/wp\/v2\/posts\/28833"}],"collection":[{"href":"https:\/\/www.locoxelrojo.com\/independiente\/wp-json\/wp\/v2\/posts"}],"about":[{"href":"https:\/\/www.locoxelrojo.com\/independiente\/wp-json\/wp\/v2\/types\/post"}],"author":[{"embeddable":true,"href":"https:\/\/www.locoxelrojo.com\/independiente\/wp-json\/wp\/v2\/users\/8"}],"replies":[{"embeddable":true,"href":"https:\/\/www.locoxelrojo.com\/independiente\/wp-json\/wp\/v2\/comments?post=28833"}],"version-history":[{"count":0,"href":"https:\/\/www.locoxelrojo.com\/independiente\/wp-json\/wp\/v2\/posts\/28833\/revisions"}],"wp:featuredmedia":[{"embeddable":true,"href":"https:\/\/www.locoxelrojo.com\/independiente\/wp-json\/wp\/v2\/media\/28838"}],"wp:attachment":[{"href":"https:\/\/www.locoxelrojo.com\/independiente\/wp-json\/wp\/v2\/media?parent=28833"}],"wp:term":[{"taxonomy":"category","embeddable":true,"href":"https:\/\/www.locoxelrojo.com\/independiente\/wp-json\/wp\/v2\/categories?post=28833"},{"taxonomy":"post_tag","embeddable":true,"href":"https:\/\/www.locoxelrojo.com\/independiente\/wp-json\/wp\/v2\/tags?post=28833"}],"curies":[{"name":"wp","href":"https:\/\/api.w.org\/{rel}","templated":true}]}}