{"id":28970,"date":"2013-03-05T14:46:06","date_gmt":"2013-03-05T17:46:06","guid":{"rendered":"http:\/\/www.locoxelrojo.com.ar\/independiente\/?p=28970"},"modified":"2013-03-05T15:24:34","modified_gmt":"2013-03-05T18:24:34","slug":"entrenamiento-en-afa","status":"publish","type":"post","link":"https:\/\/www.locoxelrojo.com\/independiente\/2013\/03\/05\/entrenamiento-en-afa\/","title":{"rendered":"Entrenamiento en AFA"},"content":{"rendered":"<p><strong>Independiente realiza obras en el predio de Villa Dom\u00ednico y por eso, esta ma\u00f1ana entren\u00f3 en el complejo que la Asociaci\u00f3n del F\u00fatbol Argentino tiene en Ezeiza.<\/strong><\/p>\n<p>Los dirigidos por Am\u00e9rico Gallego tienen otra semana de trabajo tranquila. A pesar de la derrota ante Arsenal, con el triunfo de anoche de V\u00e9lez por 3 a 0 sobre San Mart\u00edn de San Juan, el &#8220;Rojo&#8221; evit\u00f3 caer nuevamente en la zona del descenso.<\/p>\n<p><strong>En el entrenamiento de hoy, los jugadores hicieron trabajos f\u00edsicos.<\/strong> El &#8220;Tolo&#8221; tendr\u00e1 que armar el once inicial para enfrentar a Godoy Cruz el pr\u00f3ximo viernes sin <a href=\"http:\/\/www.locoxelrojo.com.ar\/independiente\/2013\/03\/04\/montenegro-y-tula-descartados-ante-godoy-cruz\/\">Daniel Montenegro y Cristian Tula<\/a>. Tampoco podr\u00e1 contar con Gonzalo Contrera, qui\u00e9n tiene que cumplir una fecha de suspensi\u00f3n.<\/p>\n<p><strong>Tula y Montenegro se movieron en forma diferenciada<\/strong> y ya comenzaron con la recuperaci\u00f3n de sus respectivas lesiones. Por su parte, <strong>Claudio Morel Rodr\u00edguez, Eduardo Tuzzio y Sergio Ojeda trabajaron a la par del grupo y est\u00e1n a disposici\u00f3n del entrenador.<\/strong><\/p>\n<p>Ma\u00f1ana regresan al predio de AFA y habr\u00e1 una pr\u00e1ctica de f\u00fatbol, donde se podr\u00e1 observar el probable equipo del viernes.<\/p>\n","protected":false},"excerpt":{"rendered":"<p>Independiente realiza obras en el predio de Villa Dom\u00ednico y por eso, esta ma\u00f1ana entren\u00f3 en el complejo que la Asociaci\u00f3n del F\u00fatbol Argentino tiene en Ezeiza. Los dirigidos por Am\u00e9rico Gallego tienen otra semana de trabajo tranquila. A pesar de la derrota ante Arsenal, con el triunfo de anoche de V\u00e9lez por 3 a [&hellip;]<\/p>\n","protected":false},"author":1,"featured_media":28972,"comment_status":"closed","ping_status":"closed","sticky":false,"template":"","format":"standard","meta":{"_links_to":"","_links_to_target":""},"categories":[3,1],"tags":[1615,1859,26,1548],"_links":{"self":[{"href":"https:\/\/www.locoxelrojo.com\/independiente\/wp-json\/wp\/v2\/posts\/28970"}],"collection":[{"href":"https:\/\/www.locoxelrojo.com\/independiente\/wp-json\/wp\/v2\/posts"}],"about":[{"href":"https:\/\/www.locoxelrojo.com\/independiente\/wp-json\/wp\/v2\/types\/post"}],"author":[{"embeddable":true,"href":"https:\/\/www.locoxelrojo.com\/independiente\/wp-json\/wp\/v2\/users\/1"}],"replies":[{"embeddable":true,"href":"https:\/\/www.locoxelrojo.com\/independiente\/wp-json\/wp\/v2\/comments?post=28970"}],"version-history":[{"count":0,"href":"https:\/\/www.locoxelrojo.com\/independiente\/wp-json\/wp\/v2\/posts\/28970\/revisions"}],"wp:featuredmedia":[{"embeddable":true,"href":"https:\/\/www.locoxelrojo.com\/independiente\/wp-json\/wp\/v2\/media\/28972"}],"wp:attachment":[{"href":"https:\/\/www.locoxelrojo.com\/independiente\/wp-json\/wp\/v2\/media?parent=28970"}],"wp:term":[{"taxonomy":"category","embeddable":true,"href":"https:\/\/www.locoxelrojo.com\/independiente\/wp-json\/wp\/v2\/categories?post=28970"},{"taxonomy":"post_tag","embeddable":true,"href":"https:\/\/www.locoxelrojo.com\/independiente\/wp-json\/wp\/v2\/tags?post=28970"}],"curies":[{"name":"wp","href":"https:\/\/api.w.org\/{rel}","templated":true}]}}