{"id":29259,"date":"2013-03-10T17:46:57","date_gmt":"2013-03-10T20:46:57","guid":{"rendered":"http:\/\/www.locoxelrojo.com.ar\/independiente\/?p=29259"},"modified":"2013-03-10T17:46:57","modified_gmt":"2013-03-10T20:46:57","slug":"dos-dias-libres-2","status":"publish","type":"post","link":"https:\/\/www.locoxelrojo.com\/independiente\/2013\/03\/10\/dos-dias-libres-2\/","title":{"rendered":"Dos d\u00edas libres"},"content":{"rendered":"<p><strong>El plantel de Independiente tuvo dos d\u00edas libres tras la derrota por 1 a 0 ante Godoy Cruz del viernes y volver\u00e1 ma\u00f1ana a los entrenamientos en el predio de AFA.<\/strong><\/p>\n<p>La decisi\u00f3n es discutible. De hecho, se lo ha criticado con fiereza a Cristian D\u00edaz por hacer esto de manera repetida. La realidad marca que <strong>Am\u00e9rico Gallego decidi\u00f3 darle a sus jugadores todo el fin de semana libre<\/strong>, a pesar de perder contra el &#8220;Tomba&#8221;.<\/p>\n<p>Reci\u00e9n ma\u00f1ana, <strong>a partir de las 9h en el perdio de AFA<\/strong>, el plantel volver\u00e1 a las pr\u00e1cticas de cara a la final del pr\u00f3ximo s\u00e1bado ante Quilmes como visitante. Tambi\u00e9n se conocer\u00e1 <strong>c\u00f3mo evolucionan las lesiones de Cristian Tula y Daniel Montenegro, mientras que se sabr\u00e1 qu\u00e9 es lo que tiene Luciano Leguizam\u00f3n en su rodilla izquierda.<\/strong><\/p>\n","protected":false},"excerpt":{"rendered":"<p>El plantel de Independiente tuvo dos d\u00edas libres tras la derrota por 1 a 0 ante Godoy Cruz del viernes y volver\u00e1 ma\u00f1ana a los entrenamientos en el predio de AFA. La decisi\u00f3n es discutible. De hecho, se lo ha criticado con fiereza a Cristian D\u00edaz por hacer esto de manera repetida. La realidad marca [&hellip;]<\/p>\n","protected":false},"author":11,"featured_media":29261,"comment_status":"closed","ping_status":"closed","sticky":false,"template":"","format":"standard","meta":{"_links_to":"","_links_to_target":""},"categories":[3,1],"tags":[1837,1615,1859,26,571,1644],"_links":{"self":[{"href":"https:\/\/www.locoxelrojo.com\/independiente\/wp-json\/wp\/v2\/posts\/29259"}],"collection":[{"href":"https:\/\/www.locoxelrojo.com\/independiente\/wp-json\/wp\/v2\/posts"}],"about":[{"href":"https:\/\/www.locoxelrojo.com\/independiente\/wp-json\/wp\/v2\/types\/post"}],"author":[{"embeddable":true,"href":"https:\/\/www.locoxelrojo.com\/independiente\/wp-json\/wp\/v2\/users\/11"}],"replies":[{"embeddable":true,"href":"https:\/\/www.locoxelrojo.com\/independiente\/wp-json\/wp\/v2\/comments?post=29259"}],"version-history":[{"count":0,"href":"https:\/\/www.locoxelrojo.com\/independiente\/wp-json\/wp\/v2\/posts\/29259\/revisions"}],"wp:featuredmedia":[{"embeddable":true,"href":"https:\/\/www.locoxelrojo.com\/independiente\/wp-json\/wp\/v2\/media\/29261"}],"wp:attachment":[{"href":"https:\/\/www.locoxelrojo.com\/independiente\/wp-json\/wp\/v2\/media?parent=29259"}],"wp:term":[{"taxonomy":"category","embeddable":true,"href":"https:\/\/www.locoxelrojo.com\/independiente\/wp-json\/wp\/v2\/categories?post=29259"},{"taxonomy":"post_tag","embeddable":true,"href":"https:\/\/www.locoxelrojo.com\/independiente\/wp-json\/wp\/v2\/tags?post=29259"}],"curies":[{"name":"wp","href":"https:\/\/api.w.org\/{rel}","templated":true}]}}