{"id":29275,"date":"2013-03-10T22:40:34","date_gmt":"2013-03-11T01:40:34","guid":{"rendered":"http:\/\/www.locoxelrojo.com.ar\/independiente\/?p=29275"},"modified":"2013-03-10T22:40:34","modified_gmt":"2013-03-11T01:40:34","slug":"montenegro-espero-que-manana-ya-pueda-entrenar-para-estar-presente-el-sabado","status":"publish","type":"post","link":"https:\/\/www.locoxelrojo.com\/independiente\/2013\/03\/10\/montenegro-espero-que-manana-ya-pueda-entrenar-para-estar-presente-el-sabado\/","title":{"rendered":"Montenegro: &#8220;Espero que ma\u00f1ana ya pueda entrenar para estar presente el s\u00e1bado&#8221;"},"content":{"rendered":"<p>Daniel Montenegro dese\u00f3 esta noche poder entrenar bien ma\u00f1ana y<strong> llegar en condiciones al s\u00e1bado para el partido ante Quilmes. Por otro lado, elogi\u00f3 al equipo por el rendimiento ante Godoy Cruz, habl\u00f3 del penal a Luciano Leguizam\u00f3n y remarc\u00f3 la enorme importancia que tiene el juego contra el &#8220;Cervecero&#8221;.<\/strong><\/p>\n<p><strong>&#8220;La pierna est\u00e1 evolucionando. Espero que ma\u00f1ana ya pueda entrenar para estar presente el s\u00e1bado con Quilmes&#8221;<\/strong>, expres\u00f3 el volante en di\u00e1logo con El Gran Campe\u00f3n.<\/p>\n<p>Luego, hizo referencia al partido frente a Godoy Cruz y opin\u00f3:<strong> &#8220;Lo vi bien al equipo contra Godoy Cruz, pero tuvimos chances de gol y no pudimos meter los goles.\u00a0El resultado del viernes no tiene que opacar lo que venimos haciendo&#8221;.<\/strong> Tambi\u00e9n habl\u00f3 del arbitraje de N\u00e9stor Pitana y sentenci\u00f3:<strong> &#8220;El penal a &#8216;Legui&#8217; es muy claro.\u00a0Dan bronca los arbitrajes. Esperemos que se pueda corregir&#8221;.<\/strong><\/p>\n<p>Finalmente entendi\u00f3 que Am\u00e9rico Gallego decidir\u00e1 c\u00f3mo jugarle a Quilmes e hizo \u00e9nfasis en la importancia de ese encuentro. <strong>&#8220;El t\u00e9cnico decide c\u00f3mo vamos a tener que jugarle a Quilmes. Nosotros siempre salimos a buscar los partidos. Hay que ver c\u00f3mo va a plantear el partido, tenemos que ser inteligentes&#8221;<\/strong>, cerr\u00f3.<\/p>\n","protected":false},"excerpt":{"rendered":"<p>Daniel Montenegro dese\u00f3 esta noche poder entrenar bien ma\u00f1ana y llegar en condiciones al s\u00e1bado para el partido ante Quilmes. Por otro lado, elogi\u00f3 al equipo por el rendimiento ante Godoy Cruz, habl\u00f3 del penal a Luciano Leguizam\u00f3n y remarc\u00f3 la enorme importancia que tiene el juego contra el &#8220;Cervecero&#8221;. &#8220;La pierna est\u00e1 evolucionando. Espero [&hellip;]<\/p>\n","protected":false},"author":11,"featured_media":29277,"comment_status":"closed","ping_status":"closed","sticky":false,"template":"","format":"standard","meta":{"_links_to":"","_links_to_target":""},"categories":[3,1],"tags":[634,1859,571,1644,666],"_links":{"self":[{"href":"https:\/\/www.locoxelrojo.com\/independiente\/wp-json\/wp\/v2\/posts\/29275"}],"collection":[{"href":"https:\/\/www.locoxelrojo.com\/independiente\/wp-json\/wp\/v2\/posts"}],"about":[{"href":"https:\/\/www.locoxelrojo.com\/independiente\/wp-json\/wp\/v2\/types\/post"}],"author":[{"embeddable":true,"href":"https:\/\/www.locoxelrojo.com\/independiente\/wp-json\/wp\/v2\/users\/11"}],"replies":[{"embeddable":true,"href":"https:\/\/www.locoxelrojo.com\/independiente\/wp-json\/wp\/v2\/comments?post=29275"}],"version-history":[{"count":0,"href":"https:\/\/www.locoxelrojo.com\/independiente\/wp-json\/wp\/v2\/posts\/29275\/revisions"}],"wp:featuredmedia":[{"embeddable":true,"href":"https:\/\/www.locoxelrojo.com\/independiente\/wp-json\/wp\/v2\/media\/29277"}],"wp:attachment":[{"href":"https:\/\/www.locoxelrojo.com\/independiente\/wp-json\/wp\/v2\/media?parent=29275"}],"wp:term":[{"taxonomy":"category","embeddable":true,"href":"https:\/\/www.locoxelrojo.com\/independiente\/wp-json\/wp\/v2\/categories?post=29275"},{"taxonomy":"post_tag","embeddable":true,"href":"https:\/\/www.locoxelrojo.com\/independiente\/wp-json\/wp\/v2\/tags?post=29275"}],"curies":[{"name":"wp","href":"https:\/\/api.w.org\/{rel}","templated":true}]}}