{"id":29281,"date":"2013-03-11T14:57:34","date_gmt":"2013-03-11T17:57:34","guid":{"rendered":"http:\/\/www.locoxelrojo.com.ar\/independiente\/?p=29281"},"modified":"2013-03-11T14:57:34","modified_gmt":"2013-03-11T17:57:34","slug":"volvieron-a-entrenar-de-cara-a-quilmes","status":"publish","type":"post","link":"https:\/\/www.locoxelrojo.com\/independiente\/2013\/03\/11\/volvieron-a-entrenar-de-cara-a-quilmes\/","title":{"rendered":"Volvieron a entrenar de cara a Quilmes"},"content":{"rendered":"<p>El plantel de Independiente volvi\u00f3 a entrenarse esta ma\u00f1ana en el predio de AFA de cara al partido del pr\u00f3ximo s\u00e1bado ante Quilmes. <strong>Los jugadores realizaron trabajos regenerativos y se evalu\u00f3 a los lesionados.<\/strong><\/p>\n<p>Tras el fin de semana libre, Am\u00e9rico Gallego puso a trabajar otra vez a sus futbolistas. <strong>Con la mente puesta en el encuentro que se viene ante el &#8220;Cervecero&#8221;, el plantel realiz\u00f3 trabajos regenerativos y f\u00edsicos.<\/strong><\/p>\n<p>En cuanto a los lesionados,<strong> Luciano Leguizam\u00f3n se hizo los estudios y estos reflejaron que s\u00f3lo tiene la rodilla izquierda inflamada, aunque es muy dif\u00edcil que llegue en condiciones al s\u00e1bado. Otro que est\u00e1 casi afuera de la final es Cristian Tula, quien a\u00fan no se recuper\u00f3 de la distensi\u00f3n. Por el lado de Daniel Montenegro, llegar\u00eda sin problemas.<\/strong><\/p>\n<p>&nbsp;<\/p>\n","protected":false},"excerpt":{"rendered":"<p>El plantel de Independiente volvi\u00f3 a entrenarse esta ma\u00f1ana en el predio de AFA de cara al partido del pr\u00f3ximo s\u00e1bado ante Quilmes. Los jugadores realizaron trabajos regenerativos y se evalu\u00f3 a los lesionados. Tras el fin de semana libre, Am\u00e9rico Gallego puso a trabajar otra vez a sus futbolistas. Con la mente puesta en [&hellip;]<\/p>\n","protected":false},"author":11,"featured_media":29283,"comment_status":"closed","ping_status":"closed","sticky":false,"template":"","format":"standard","meta":{"_links_to":"","_links_to_target":""},"categories":[3,1],"tags":[218,1615,1859,26,1644,666],"_links":{"self":[{"href":"https:\/\/www.locoxelrojo.com\/independiente\/wp-json\/wp\/v2\/posts\/29281"}],"collection":[{"href":"https:\/\/www.locoxelrojo.com\/independiente\/wp-json\/wp\/v2\/posts"}],"about":[{"href":"https:\/\/www.locoxelrojo.com\/independiente\/wp-json\/wp\/v2\/types\/post"}],"author":[{"embeddable":true,"href":"https:\/\/www.locoxelrojo.com\/independiente\/wp-json\/wp\/v2\/users\/11"}],"replies":[{"embeddable":true,"href":"https:\/\/www.locoxelrojo.com\/independiente\/wp-json\/wp\/v2\/comments?post=29281"}],"version-history":[{"count":0,"href":"https:\/\/www.locoxelrojo.com\/independiente\/wp-json\/wp\/v2\/posts\/29281\/revisions"}],"wp:featuredmedia":[{"embeddable":true,"href":"https:\/\/www.locoxelrojo.com\/independiente\/wp-json\/wp\/v2\/media\/29283"}],"wp:attachment":[{"href":"https:\/\/www.locoxelrojo.com\/independiente\/wp-json\/wp\/v2\/media?parent=29281"}],"wp:term":[{"taxonomy":"category","embeddable":true,"href":"https:\/\/www.locoxelrojo.com\/independiente\/wp-json\/wp\/v2\/categories?post=29281"},{"taxonomy":"post_tag","embeddable":true,"href":"https:\/\/www.locoxelrojo.com\/independiente\/wp-json\/wp\/v2\/tags?post=29281"}],"curies":[{"name":"wp","href":"https:\/\/api.w.org\/{rel}","templated":true}]}}