{"id":29295,"date":"2013-03-11T20:11:27","date_gmt":"2013-03-11T23:11:27","guid":{"rendered":"http:\/\/www.locoxelrojo.com.ar\/independiente\/?p=29295"},"modified":"2013-03-12T05:10:14","modified_gmt":"2013-03-12T08:10:14","slug":"gallego-me-quedo-en-independiente-pase-lo-que-pase","status":"publish","type":"post","link":"https:\/\/www.locoxelrojo.com\/independiente\/2013\/03\/11\/gallego-me-quedo-en-independiente-pase-lo-que-pase\/","title":{"rendered":"Gallego: &#8220;Me quedo en Independiente pase lo que pase&#8221;"},"content":{"rendered":"<p>Am\u00e9rico Rub\u00e9n Gallego rompi\u00f3 el silencio esta tarde luego de la derrota ante Godoy Cruz. El entrenador realiz\u00f3 una fuerte autocr\u00edtica sobre el rendimiento del equipo y algunas de sus decisiones. Adem\u00e1s, <strong>confirm\u00f3 que se va a quedar en Independiente pase lo que pase y cont\u00f3 que ya le ofrecieron una renovaci\u00f3n de su contrato.<\/strong><\/p>\n<p><strong>&#8220;Estoy tranquilo. Me juego todas las cartas a mi equipo, porque s\u00e9 que tenemos un buen plantel. Tengo el respaldo de toda la Comisi\u00f3n Directiva, no empiecen a decir boludeces. Me ofrecieron la renovaci\u00f3n del contrato y me voy a quedar en Independiente pase lo que pase&#8221;<\/strong>, dijo el &#8220;Tolo&#8221; en una charla con Rock&amp;Closs.<\/p>\n<p>Se hizo cargo del bajo rendimiento del equipo y no se lav\u00f3 las manos. <strong>&#8220;Hay momentos que tenemos que poner la cabeza en el hielo para pensar. No soy ning\u00fan bobo, me doy cuenta donde est\u00e1n las falencias de mi equipo. Estoy dejando muy solo a Vargas, tengo que cambiar algo ah\u00ed&#8221;<\/strong>, declar\u00f3. <strong>&#8220;Tenemos que tener paciencia, no todas las jugadas tienen que terminar en gol. Hay que darle rodaje. Lo de Far\u00edas no es s\u00f3lo culpa de \u00e9l porque no le llega y eso es falencia m\u00eda&#8221;<\/strong>, agreg\u00f3.<\/p>\n<p>No se quej\u00f3 de los arbitrajes y manifest\u00f3 que <strong>&#8220;los que tienen que protestar por los \u00e1rbitros son los dirigentes&#8221;<\/strong>. Tambi\u00e9n, se mostr\u00f3 confiado con la lucha por el descenso: <strong>&#8220;Yo creo que vamos a estar cerca de los 30 puntos. Hay que ganar 8 partidos m\u00e1s. Que la gente siga apoyando, tenemos que salir. No lo voy a decir, pero tengo 3 equipos en la mira&#8221;<\/strong>.<\/p>\n<p>Por \u00faltimo, se refiri\u00f3 al pr\u00f3ximo rival. <strong>&#8220;Con Quilmes dije que es una final del mundo, pero en joda. Es un partido importante, pero no decisivo&#8221;<\/strong>, cerr\u00f3.<\/p>\n","protected":false},"excerpt":{"rendered":"<p>Am\u00e9rico Rub\u00e9n Gallego rompi\u00f3 el silencio esta tarde luego de la derrota ante Godoy Cruz. El entrenador realiz\u00f3 una fuerte autocr\u00edtica sobre el rendimiento del equipo y algunas de sus decisiones. Adem\u00e1s, confirm\u00f3 que se va a quedar en Independiente pase lo que pase y cont\u00f3 que ya le ofrecieron una renovaci\u00f3n de su contrato. [&hellip;]<\/p>\n","protected":false},"author":1,"featured_media":29297,"comment_status":"closed","ping_status":"closed","sticky":false,"template":"","format":"standard","meta":{"_links_to":"","_links_to_target":""},"categories":[3,1],"tags":[634,35],"_links":{"self":[{"href":"https:\/\/www.locoxelrojo.com\/independiente\/wp-json\/wp\/v2\/posts\/29295"}],"collection":[{"href":"https:\/\/www.locoxelrojo.com\/independiente\/wp-json\/wp\/v2\/posts"}],"about":[{"href":"https:\/\/www.locoxelrojo.com\/independiente\/wp-json\/wp\/v2\/types\/post"}],"author":[{"embeddable":true,"href":"https:\/\/www.locoxelrojo.com\/independiente\/wp-json\/wp\/v2\/users\/1"}],"replies":[{"embeddable":true,"href":"https:\/\/www.locoxelrojo.com\/independiente\/wp-json\/wp\/v2\/comments?post=29295"}],"version-history":[{"count":0,"href":"https:\/\/www.locoxelrojo.com\/independiente\/wp-json\/wp\/v2\/posts\/29295\/revisions"}],"wp:featuredmedia":[{"embeddable":true,"href":"https:\/\/www.locoxelrojo.com\/independiente\/wp-json\/wp\/v2\/media\/29297"}],"wp:attachment":[{"href":"https:\/\/www.locoxelrojo.com\/independiente\/wp-json\/wp\/v2\/media?parent=29295"}],"wp:term":[{"taxonomy":"category","embeddable":true,"href":"https:\/\/www.locoxelrojo.com\/independiente\/wp-json\/wp\/v2\/categories?post=29295"},{"taxonomy":"post_tag","embeddable":true,"href":"https:\/\/www.locoxelrojo.com\/independiente\/wp-json\/wp\/v2\/tags?post=29295"}],"curies":[{"name":"wp","href":"https:\/\/api.w.org\/{rel}","templated":true}]}}