{"id":29437,"date":"2013-03-14T12:15:46","date_gmt":"2013-03-14T15:15:46","guid":{"rendered":"http:\/\/www.locoxelrojo.com.ar\/independiente\/?p=29437"},"modified":"2013-03-14T12:24:31","modified_gmt":"2013-03-14T15:24:31","slug":"concentrados-vs-quilmes-montenegro-y-tula-presentes","status":"publish","type":"post","link":"https:\/\/www.locoxelrojo.com\/independiente\/2013\/03\/14\/concentrados-vs-quilmes-montenegro-y-tula-presentes\/","title":{"rendered":"Concentrados vs. Quilmes: Montenegro y Tula presentes"},"content":{"rendered":"<p>Este mediod\u00eda se dio a conocer la lista de concentrados para el encuentro ante Quilmes y las novedades son buenas: <strong>aparecen Daniel Montenegro y Cristian Tula entre ellos.<\/strong><\/p>\n<p>Se viene la final ante el &#8220;Cervecero&#8221; y Am\u00e9rico Gallego dio la lista de 20 concentrados. En ella, aparecen Montenegro y Tula, dos de los que estuvieron en duda toda la semana, aunque a\u00fan no se sabe si ser\u00e1n titulares. Adem\u00e1s,<strong> vuelven Lucas Villaf\u00e1\u00f1ez y Roberto Batti\u00f3n. Antes del choque del s\u00e1bado, el entrenador deber\u00e1 dejar afuera del banco a dos jugadores de la lista.<\/strong><\/p>\n<p><strong>La lista:<\/strong><\/p>\n<p><strong>Arqueros:<\/strong> Diego Rodr\u00edguez e Hilario Navarro.<\/p>\n<p><strong>Defensores:<\/strong> Leonel Galeano, Gonzalo Contrera, Cristian Tula, Claudio Morel Rodr\u00edguez y Federico Mancuello.<\/p>\n<p><strong>Volantes:<\/strong> V\u00edctor Zapata, Fernando Godoy, Lucas Villaf\u00e1\u00f1ez, Roberto Batti\u00f3n, Hern\u00e1n Fredes, Fabi\u00e1n Vargas, Osmar Ferreyra, Leonel Miranda y Daniel Montenegro.<\/p>\n<p><strong>Delanteros:<\/strong> Mart\u00edn Ben\u00edtez, Luciano Leguizam\u00f3n, Juan Fernando Caicedo y Ernesto Far\u00edas.<\/p>\n","protected":false},"excerpt":{"rendered":"<p>Este mediod\u00eda se dio a conocer la lista de concentrados para el encuentro ante Quilmes y las novedades son buenas: aparecen Daniel Montenegro y Cristian Tula entre ellos. Se viene la final ante el &#8220;Cervecero&#8221; y Am\u00e9rico Gallego dio la lista de 20 concentrados. En ella, aparecen Montenegro y Tula, dos de los que estuvieron [&hellip;]<\/p>\n","protected":false},"author":11,"featured_media":29439,"comment_status":"closed","ping_status":"closed","sticky":false,"template":"","format":"standard","meta":{"_links_to":"","_links_to_target":""},"categories":[3,1],"tags":[2024,1615,1859,666],"_links":{"self":[{"href":"https:\/\/www.locoxelrojo.com\/independiente\/wp-json\/wp\/v2\/posts\/29437"}],"collection":[{"href":"https:\/\/www.locoxelrojo.com\/independiente\/wp-json\/wp\/v2\/posts"}],"about":[{"href":"https:\/\/www.locoxelrojo.com\/independiente\/wp-json\/wp\/v2\/types\/post"}],"author":[{"embeddable":true,"href":"https:\/\/www.locoxelrojo.com\/independiente\/wp-json\/wp\/v2\/users\/11"}],"replies":[{"embeddable":true,"href":"https:\/\/www.locoxelrojo.com\/independiente\/wp-json\/wp\/v2\/comments?post=29437"}],"version-history":[{"count":0,"href":"https:\/\/www.locoxelrojo.com\/independiente\/wp-json\/wp\/v2\/posts\/29437\/revisions"}],"wp:featuredmedia":[{"embeddable":true,"href":"https:\/\/www.locoxelrojo.com\/independiente\/wp-json\/wp\/v2\/media\/29439"}],"wp:attachment":[{"href":"https:\/\/www.locoxelrojo.com\/independiente\/wp-json\/wp\/v2\/media?parent=29437"}],"wp:term":[{"taxonomy":"category","embeddable":true,"href":"https:\/\/www.locoxelrojo.com\/independiente\/wp-json\/wp\/v2\/categories?post=29437"},{"taxonomy":"post_tag","embeddable":true,"href":"https:\/\/www.locoxelrojo.com\/independiente\/wp-json\/wp\/v2\/tags?post=29437"}],"curies":[{"name":"wp","href":"https:\/\/api.w.org\/{rel}","templated":true}]}}