{"id":29452,"date":"2013-03-14T13:31:11","date_gmt":"2013-03-14T16:31:11","guid":{"rendered":"http:\/\/www.locoxelrojo.com.ar\/independiente\/?p=29452"},"modified":"2013-03-14T13:37:53","modified_gmt":"2013-03-14T16:37:53","slug":"equipo-sin-definicion","status":"publish","type":"post","link":"https:\/\/www.locoxelrojo.com\/independiente\/2013\/03\/14\/equipo-sin-definicion\/","title":{"rendered":"Equipo sin definici\u00f3n"},"content":{"rendered":"<p>El plantel de Independiente realiz\u00f3 una nueva pr\u00e1ctica de f\u00fatbol esta ma\u00f1ana en Ezeiza a puertas cerradas y<strong>\u00a0Am\u00e9rico Gallego todav\u00eda no defini\u00f3 a los 11 titulares que enfrentar\u00e1n a Quilmes el pr\u00f3ximo s\u00e1bado.<\/strong><\/p>\n<p>Faltan dos d\u00edas para el importante partido por la lucha del descenso y el entrenador a\u00fan no defini\u00f3 al equipo. Daniel Montenegro y Cristian Tula participaron de la pr\u00e1ctica hoy, mientras que Juan Fernando Caicedo volvi\u00f3 a quedar afuera por una molestia muscular.\u00a0<strong>El defensor y el delantero llegar\u00edan sin problemas, mientras que el &#8220;Rolfi&#8221; todav\u00eda no sabe si ser\u00e1 titular u ocupar\u00e1 un lugar en el banco.<\/strong><\/p>\n<p>De esta forma, los 11 que par\u00f3 hoy fueron:\u00a0<strong>Diego Rodr\u00edguez; Gonzalo Contrera, Cristian Tula, Claudio Morel Rodr\u00edguez, Federico Mancuello; Hern\u00e1n Fredes, Fabi\u00e1n Vargas, Osmar Ferreyra; Leonel Miranda, Daniel Montenegro; Luciano Leguizam\u00f3n.<\/strong><\/p>\n<p>Si bien V\u00edctor Zapata hoy no jug\u00f3 para los titulares,\u00a0<strong>se eval\u00faa que lo haga el pr\u00f3ximo s\u00e1bado, aunque deber\u00edan salir Fredes o Miranda.<\/strong>\u00a0<strong>La titularidad de Leguizam\u00f3n depender\u00e1 de que Montenegro no arranque en la cancha.\u00a0<\/strong>Ma\u00f1ana el entrenador definir\u00e1 a los 11 titulares.<\/p>\n","protected":false},"excerpt":{"rendered":"<p>El plantel de Independiente realiz\u00f3 una nueva pr\u00e1ctica de f\u00fatbol esta ma\u00f1ana en Ezeiza a puertas cerradas y\u00a0Am\u00e9rico Gallego todav\u00eda no defini\u00f3 a los 11 titulares que enfrentar\u00e1n a Quilmes el pr\u00f3ximo s\u00e1bado. Faltan dos d\u00edas para el importante partido por la lucha del descenso y el entrenador a\u00fan no defini\u00f3 al equipo. Daniel Montenegro [&hellip;]<\/p>\n","protected":false},"author":11,"featured_media":29453,"comment_status":"closed","ping_status":"closed","sticky":false,"template":"","format":"standard","meta":{"_links_to":"","_links_to_target":""},"categories":[3,1],"tags":[634,1615,1859,26,1571],"_links":{"self":[{"href":"https:\/\/www.locoxelrojo.com\/independiente\/wp-json\/wp\/v2\/posts\/29452"}],"collection":[{"href":"https:\/\/www.locoxelrojo.com\/independiente\/wp-json\/wp\/v2\/posts"}],"about":[{"href":"https:\/\/www.locoxelrojo.com\/independiente\/wp-json\/wp\/v2\/types\/post"}],"author":[{"embeddable":true,"href":"https:\/\/www.locoxelrojo.com\/independiente\/wp-json\/wp\/v2\/users\/11"}],"replies":[{"embeddable":true,"href":"https:\/\/www.locoxelrojo.com\/independiente\/wp-json\/wp\/v2\/comments?post=29452"}],"version-history":[{"count":0,"href":"https:\/\/www.locoxelrojo.com\/independiente\/wp-json\/wp\/v2\/posts\/29452\/revisions"}],"wp:featuredmedia":[{"embeddable":true,"href":"https:\/\/www.locoxelrojo.com\/independiente\/wp-json\/wp\/v2\/media\/29453"}],"wp:attachment":[{"href":"https:\/\/www.locoxelrojo.com\/independiente\/wp-json\/wp\/v2\/media?parent=29452"}],"wp:term":[{"taxonomy":"category","embeddable":true,"href":"https:\/\/www.locoxelrojo.com\/independiente\/wp-json\/wp\/v2\/categories?post=29452"},{"taxonomy":"post_tag","embeddable":true,"href":"https:\/\/www.locoxelrojo.com\/independiente\/wp-json\/wp\/v2\/tags?post=29452"}],"curies":[{"name":"wp","href":"https:\/\/api.w.org\/{rel}","templated":true}]}}