{"id":29459,"date":"2013-03-14T11:00:24","date_gmt":"2013-03-14T14:00:24","guid":{"rendered":"http:\/\/www.locoxelrojo.com.ar\/independiente\/?p=29459"},"modified":"2013-03-14T16:45:02","modified_gmt":"2013-03-14T19:45:02","slug":"de-felippe-probo-el-equipo","status":"publish","type":"post","link":"https:\/\/www.locoxelrojo.com\/independiente\/2013\/03\/14\/de-felippe-probo-el-equipo\/","title":{"rendered":"De Felippe prob\u00f3 el equipo"},"content":{"rendered":"<p style=\"text-align: justify;\" align=\"center\">El plantel de Quilmes se entren\u00f3 este jueves por la ma\u00f1ana con la mente puesta en el partido del s\u00e1bado ante Independiente a las 20:15h en el estadio Centenario. <strong>Omar De Felippe par\u00f3 en cancha a los posibles titulares.<\/strong><\/p>\n<p style=\"text-align: justify;\">El t\u00e9cnico ensay\u00f3 con estos once:\u00a0 <strong>Emanuel Tr\u00edpodi; Germ\u00e1n Mandarino, Sebasti\u00e1n Mart\u00ednez, Wilfredo Olivera y Ernesto Go\u00f1i; Sebasti\u00e1n Romero, Pablo Mattos (luego Jorge Serrano) y Jacobo Mansilla; Fernando Elizari; Gustavo Oberman y Cristian Men\u00e9ndez.<\/strong><\/p>\n<p style=\"text-align: justify;\">En la pr\u00e1ctica de f\u00fatbol formal, que dur\u00f3 una hora y media, los titulares jugaron contra la reserva. <strong>El equipo que puso en cancha tuvo un solo cambio y fue obligatorio, debido a la expulsi\u00f3n de Julio Cobo la fecha pasada ante Argentinos. Su lugar lo ocup\u00f3 el juvenil Pablo Mattos y luego Jorge Serrano. Es la \u00fanica duda que mantiene para el s\u00e1bado.<\/strong><\/p>\n<p style=\"text-align: justify;\">El &#8220;Cervecero&#8221; vuelve a los entrenamientos ma\u00f1ana en el estadio y la pr\u00e1ctica ser\u00e1 a puertas cerradas. <strong>El t\u00e9cnico ensayar\u00e1 jugadas de pelota detenida<\/strong> y se dar\u00e1 a conocer la lista de concentrados.<\/p>\n","protected":false},"excerpt":{"rendered":"<p>El plantel de Quilmes se entren\u00f3 este jueves por la ma\u00f1ana con la mente puesta en el partido del s\u00e1bado ante Independiente a las 20:15h en el estadio Centenario. Omar De Felippe par\u00f3 en cancha a los posibles titulares. El t\u00e9cnico ensay\u00f3 con estos once:\u00a0 Emanuel Tr\u00edpodi; Germ\u00e1n Mandarino, Sebasti\u00e1n Mart\u00ednez, Wilfredo Olivera y Ernesto [&hellip;]<\/p>\n","protected":false},"author":14,"featured_media":29461,"comment_status":"closed","ping_status":"closed","sticky":false,"template":"","format":"standard","meta":{"_links_to":"","_links_to_target":""},"categories":[1990],"tags":[26,2032,666],"_links":{"self":[{"href":"https:\/\/www.locoxelrojo.com\/independiente\/wp-json\/wp\/v2\/posts\/29459"}],"collection":[{"href":"https:\/\/www.locoxelrojo.com\/independiente\/wp-json\/wp\/v2\/posts"}],"about":[{"href":"https:\/\/www.locoxelrojo.com\/independiente\/wp-json\/wp\/v2\/types\/post"}],"author":[{"embeddable":true,"href":"https:\/\/www.locoxelrojo.com\/independiente\/wp-json\/wp\/v2\/users\/14"}],"replies":[{"embeddable":true,"href":"https:\/\/www.locoxelrojo.com\/independiente\/wp-json\/wp\/v2\/comments?post=29459"}],"version-history":[{"count":0,"href":"https:\/\/www.locoxelrojo.com\/independiente\/wp-json\/wp\/v2\/posts\/29459\/revisions"}],"wp:featuredmedia":[{"embeddable":true,"href":"https:\/\/www.locoxelrojo.com\/independiente\/wp-json\/wp\/v2\/media\/29461"}],"wp:attachment":[{"href":"https:\/\/www.locoxelrojo.com\/independiente\/wp-json\/wp\/v2\/media?parent=29459"}],"wp:term":[{"taxonomy":"category","embeddable":true,"href":"https:\/\/www.locoxelrojo.com\/independiente\/wp-json\/wp\/v2\/categories?post=29459"},{"taxonomy":"post_tag","embeddable":true,"href":"https:\/\/www.locoxelrojo.com\/independiente\/wp-json\/wp\/v2\/tags?post=29459"}],"curies":[{"name":"wp","href":"https:\/\/api.w.org\/{rel}","templated":true}]}}