{"id":29709,"date":"2013-03-19T17:00:03","date_gmt":"2013-03-19T20:00:03","guid":{"rendered":"http:\/\/www.locoxelrojo.com.ar\/independiente\/?p=29709"},"modified":"2013-03-19T17:03:22","modified_gmt":"2013-03-19T20:03:22","slug":"trabajos-fisicos-en-dominico","status":"publish","type":"post","link":"https:\/\/www.locoxelrojo.com\/independiente\/2013\/03\/19\/trabajos-fisicos-en-dominico\/","title":{"rendered":"Trabajos f\u00edsicos en Dom\u00ednico"},"content":{"rendered":"<p><strong>Independiente entren\u00f3 este martes por la ma\u00f1ana en el predio de Villa Dom\u00ednico. El plantel hizo hincapi\u00e9 en el aspecto f\u00edsico, con rutinas de gimnasio y trabajos de campo.<\/strong><\/p>\n<p>Am\u00e9rico Gallego quiere aprovechar el parate por la jornada de Eliminatorias Sudamericanas para recuperar soldados y que varios jugadores mejoren f\u00edsicamente.<\/p>\n<p><strong>Luciano Leguizam\u00f3n, Daniel Montenegro, Claudio Morel Rodr\u00edguez, Jonathan Santana, Cristian Tula y Gonzalo Contrera se movieron en forma diferenciada, con cargas menores.<\/strong><\/p>\n<p><strong>Por el momento, el cuerpo t\u00e9cnico no tiene previsto entrenamientos en doble turno.<\/strong> Ma\u00f1ana mi\u00e9rcoles, continuar\u00e1n los trabajos de cara al cl\u00e1sico ante Boca Juniors.<\/p>\n","protected":false},"excerpt":{"rendered":"<p>Independiente entren\u00f3 este martes por la ma\u00f1ana en el predio de Villa Dom\u00ednico. El plantel hizo hincapi\u00e9 en el aspecto f\u00edsico, con rutinas de gimnasio y trabajos de campo. Am\u00e9rico Gallego quiere aprovechar el parate por la jornada de Eliminatorias Sudamericanas para recuperar soldados y que varios jugadores mejoren f\u00edsicamente. Luciano Leguizam\u00f3n, Daniel Montenegro, Claudio [&hellip;]<\/p>\n","protected":false},"author":1,"featured_media":29712,"comment_status":"closed","ping_status":"closed","sticky":false,"template":"","format":"standard","meta":{"_links_to":"","_links_to_target":""},"categories":[3,1],"tags":[634,1620,1615,1859,26,1914,1568,1644],"_links":{"self":[{"href":"https:\/\/www.locoxelrojo.com\/independiente\/wp-json\/wp\/v2\/posts\/29709"}],"collection":[{"href":"https:\/\/www.locoxelrojo.com\/independiente\/wp-json\/wp\/v2\/posts"}],"about":[{"href":"https:\/\/www.locoxelrojo.com\/independiente\/wp-json\/wp\/v2\/types\/post"}],"author":[{"embeddable":true,"href":"https:\/\/www.locoxelrojo.com\/independiente\/wp-json\/wp\/v2\/users\/1"}],"replies":[{"embeddable":true,"href":"https:\/\/www.locoxelrojo.com\/independiente\/wp-json\/wp\/v2\/comments?post=29709"}],"version-history":[{"count":0,"href":"https:\/\/www.locoxelrojo.com\/independiente\/wp-json\/wp\/v2\/posts\/29709\/revisions"}],"wp:featuredmedia":[{"embeddable":true,"href":"https:\/\/www.locoxelrojo.com\/independiente\/wp-json\/wp\/v2\/media\/29712"}],"wp:attachment":[{"href":"https:\/\/www.locoxelrojo.com\/independiente\/wp-json\/wp\/v2\/media?parent=29709"}],"wp:term":[{"taxonomy":"category","embeddable":true,"href":"https:\/\/www.locoxelrojo.com\/independiente\/wp-json\/wp\/v2\/categories?post=29709"},{"taxonomy":"post_tag","embeddable":true,"href":"https:\/\/www.locoxelrojo.com\/independiente\/wp-json\/wp\/v2\/tags?post=29709"}],"curies":[{"name":"wp","href":"https:\/\/api.w.org\/{rel}","templated":true}]}}