{"id":29724,"date":"2013-03-19T19:37:25","date_gmt":"2013-03-19T22:37:25","guid":{"rendered":"http:\/\/www.locoxelrojo.com.ar\/independiente\/?p=29724"},"modified":"2013-03-20T02:13:20","modified_gmt":"2013-03-20T05:13:20","slug":"conflicto-en-puerta-por-las-deudas","status":"publish","type":"post","link":"https:\/\/www.locoxelrojo.com\/independiente\/2013\/03\/19\/conflicto-en-puerta-por-las-deudas\/","title":{"rendered":"\u00bfConflicto en puerta por las deudas?"},"content":{"rendered":"<p>La noticia en las \u00faltimas horas era que <strong>el plantel de Independiente no iba a realizar el entrenamiento en doble turno que ten\u00eda previsto el cuerpo t\u00e9cnico por una deuda de tres meses entre sueldos y primas.<\/strong><\/p>\n<p>Al finalizar el entrenamiento este mediod\u00eda en el predio de Villa Dom\u00ednico, <strong>se le inform\u00f3 a los Periodistas que la pr\u00e1ctica de ma\u00f1ana era en un solo turno, por la ma\u00f1ana, a puertas cerradas y sin atenci\u00f3n a la prensa.<\/strong><\/p>\n<p>La idea del cuerpo t\u00e9cnico era realizar trabajos en doble turno, aprovechando el parate por las jornadas de Eliminatorias Sudamericanas. La informaci\u00f3n comenz\u00f3 a circular en los medios y el propio Javier Cantero se encarg\u00f3 de aclarar la situaci\u00f3n.<\/p>\n<p><strong>&#8220;Yo no negocio con nadie, ma\u00f1ana hay doble turno igual, porque el hotel ya est\u00e1 pago. Esto no fue un planteo gremial, fue un pedido de algunos jugadores al Gerente Financiero para ahorrarnos el dinero y ponerlos al d\u00eda&#8221;<\/strong>, explic\u00f3 el Presidente en Rock&amp;Closs.<\/p>\n<p><strong>&#8220;Hay algunos jugadores a los que se les est\u00e1 debiendo dinero. Esta semana vamos a pagar la \u00faltima cuota de las primas y los sueldos del mes de diciembre&#8221;<\/strong>, reconoci\u00f3 el pope en cuanto a la deuda que mantiene con el plantel.<\/p>\n<p><strong>&#8220;Ma\u00f1ana voy a ir a Dom\u00ednico para hablar con los jugadores y ponerlos al tanto sobre los pr\u00f3ximos pagos. Por la tarde habr\u00e1 doble turno como estaba programado&#8221;<\/strong>, cerr\u00f3.<\/p>\n<p><strong>Lo cierto es que el planteo existi\u00f3, ya que fuera de micr\u00f3fonos fueron varios los jugadores molestos por la falta de pago. Hay muchos dirigentes enojados por esta actitud del plantel profesional y las declaraciones de Cantero son para ponerle pa\u00f1os fr\u00edos p\u00fablicamente a una situaci\u00f3n, que viene tirante desde hace un tiempo largo.<\/strong><\/p>\n","protected":false},"excerpt":{"rendered":"<p>La noticia en las \u00faltimas horas era que el plantel de Independiente no iba a realizar el entrenamiento en doble turno que ten\u00eda previsto el cuerpo t\u00e9cnico por una deuda de tres meses entre sueldos y primas. Al finalizar el entrenamiento este mediod\u00eda en el predio de Villa Dom\u00ednico, se le inform\u00f3 a los Periodistas [&hellip;]<\/p>\n","protected":false},"author":1,"featured_media":29728,"comment_status":"closed","ping_status":"closed","sticky":false,"template":"","format":"standard","meta":{"_links_to":"","_links_to_target":""},"categories":[3,1],"tags":[153,723,745],"_links":{"self":[{"href":"https:\/\/www.locoxelrojo.com\/independiente\/wp-json\/wp\/v2\/posts\/29724"}],"collection":[{"href":"https:\/\/www.locoxelrojo.com\/independiente\/wp-json\/wp\/v2\/posts"}],"about":[{"href":"https:\/\/www.locoxelrojo.com\/independiente\/wp-json\/wp\/v2\/types\/post"}],"author":[{"embeddable":true,"href":"https:\/\/www.locoxelrojo.com\/independiente\/wp-json\/wp\/v2\/users\/1"}],"replies":[{"embeddable":true,"href":"https:\/\/www.locoxelrojo.com\/independiente\/wp-json\/wp\/v2\/comments?post=29724"}],"version-history":[{"count":0,"href":"https:\/\/www.locoxelrojo.com\/independiente\/wp-json\/wp\/v2\/posts\/29724\/revisions"}],"wp:featuredmedia":[{"embeddable":true,"href":"https:\/\/www.locoxelrojo.com\/independiente\/wp-json\/wp\/v2\/media\/29728"}],"wp:attachment":[{"href":"https:\/\/www.locoxelrojo.com\/independiente\/wp-json\/wp\/v2\/media?parent=29724"}],"wp:term":[{"taxonomy":"category","embeddable":true,"href":"https:\/\/www.locoxelrojo.com\/independiente\/wp-json\/wp\/v2\/categories?post=29724"},{"taxonomy":"post_tag","embeddable":true,"href":"https:\/\/www.locoxelrojo.com\/independiente\/wp-json\/wp\/v2\/tags?post=29724"}],"curies":[{"name":"wp","href":"https:\/\/api.w.org\/{rel}","templated":true}]}}