{"id":29932,"date":"2013-03-26T15:00:19","date_gmt":"2013-03-26T18:00:19","guid":{"rendered":"http:\/\/www.locoxelrojo.com.ar\/independiente\/?p=29932"},"modified":"2013-03-26T15:33:34","modified_gmt":"2013-03-26T18:33:34","slug":"reconocimiento-a-siete-juveniles-que-llegaron-a-primera","status":"publish","type":"post","link":"https:\/\/www.locoxelrojo.com\/independiente\/2013\/03\/26\/reconocimiento-a-siete-juveniles-que-llegaron-a-primera\/","title":{"rendered":"Reconocimiento a siete juveniles que llegaron a Primera"},"content":{"rendered":"<p><strong>Esta ma\u00f1ana el F\u00fatbol Juvenil de Independiente homenaje\u00f3 a siete chicos que llegaron a debutar en Primera Divisi\u00f3n en los \u00faltimos tiempos. Francisco Pizzini, Leonel Miranda, Lucas Villalba, Juan Manuel Trejo, Leonel Buter, Sergio Ojeda y Gonzalo Contrera fueron agasajados en el predio de Villa Dom\u00ednico. En el acto estuvo presente Am\u00e9rico Gallego junto a sus colaboradores.<\/strong><\/p>\n<p>Como ya es una costumbre, gracias a Manuel Mag\u00e1n, Juan Cruz Anselmi y coordinadores de las Inferiores, los chicos ya tiene sus cuadros en una de las paredes del gimnasio de Divisiones Inferiores.<\/p>\n<p><strong>Debido a su recuperaci\u00f3n por la rotura de ligamentos que sufri\u00f3 a fines del a\u00f1o pasado, Leonel Buter no pudo asistir al acto. En el mismo, estuvieron presentes Am\u00e9rico Rub\u00e9n Gallego y sus colaboradores. El &#8220;Tolo&#8221; le dedic\u00f3 unas palabras a los juveniles.<\/strong><\/p>\n","protected":false},"excerpt":{"rendered":"<p>Esta ma\u00f1ana el F\u00fatbol Juvenil de Independiente homenaje\u00f3 a siete chicos que llegaron a debutar en Primera Divisi\u00f3n en los \u00faltimos tiempos. Francisco Pizzini, Leonel Miranda, Lucas Villalba, Juan Manuel Trejo, Leonel Buter, Sergio Ojeda y Gonzalo Contrera fueron agasajados en el predio de Villa Dom\u00ednico. En el acto estuvo presente Am\u00e9rico Gallego junto a [&hellip;]<\/p>\n","protected":false},"author":1,"featured_media":29933,"comment_status":"closed","ping_status":"closed","sticky":false,"template":"","format":"standard","meta":{"_links_to":"","_links_to_target":""},"categories":[3,5,4,1],"tags":[634,194,834,1914,1386,289,1347,93,997],"_links":{"self":[{"href":"https:\/\/www.locoxelrojo.com\/independiente\/wp-json\/wp\/v2\/posts\/29932"}],"collection":[{"href":"https:\/\/www.locoxelrojo.com\/independiente\/wp-json\/wp\/v2\/posts"}],"about":[{"href":"https:\/\/www.locoxelrojo.com\/independiente\/wp-json\/wp\/v2\/types\/post"}],"author":[{"embeddable":true,"href":"https:\/\/www.locoxelrojo.com\/independiente\/wp-json\/wp\/v2\/users\/1"}],"replies":[{"embeddable":true,"href":"https:\/\/www.locoxelrojo.com\/independiente\/wp-json\/wp\/v2\/comments?post=29932"}],"version-history":[{"count":0,"href":"https:\/\/www.locoxelrojo.com\/independiente\/wp-json\/wp\/v2\/posts\/29932\/revisions"}],"wp:featuredmedia":[{"embeddable":true,"href":"https:\/\/www.locoxelrojo.com\/independiente\/wp-json\/wp\/v2\/media\/29933"}],"wp:attachment":[{"href":"https:\/\/www.locoxelrojo.com\/independiente\/wp-json\/wp\/v2\/media?parent=29932"}],"wp:term":[{"taxonomy":"category","embeddable":true,"href":"https:\/\/www.locoxelrojo.com\/independiente\/wp-json\/wp\/v2\/categories?post=29932"},{"taxonomy":"post_tag","embeddable":true,"href":"https:\/\/www.locoxelrojo.com\/independiente\/wp-json\/wp\/v2\/tags?post=29932"}],"curies":[{"name":"wp","href":"https:\/\/api.w.org\/{rel}","templated":true}]}}