{"id":2998,"date":"2010-11-23T03:39:53","date_gmt":"2010-11-23T05:39:53","guid":{"rendered":"http:\/\/www.locoxelrojo.com.ar\/independiente\/?p=2998"},"modified":"2010-11-23T03:41:01","modified_gmt":"2010-11-23T05:41:01","slug":"en-busca-de-la-final","status":"publish","type":"post","link":"https:\/\/www.locoxelrojo.com\/independiente\/2010\/11\/23\/en-busca-de-la-final\/","title":{"rendered":"En busca de la final"},"content":{"rendered":"<p><a href=\"http:\/\/www.locoxelrojo.com.ar\/independiente\/wp-content\/uploads\/2010\/11\/Entrenamiento.jpg\"><img loading=\"lazy\" class=\"alignnone size-full wp-image-2999\" title=\"Entrenamiento\" src=\"http:\/\/www.locoxelrojo.com.ar\/independiente\/wp-content\/uploads\/2010\/11\/Entrenamiento.jpg\" alt=\"\" width=\"550\" height=\"315\" srcset=\"https:\/\/locoxelrojo.com\/independiente\/wp-content\/uploads\/2010\/11\/Entrenamiento.jpg 550w, https:\/\/locoxelrojo.com\/independiente\/wp-content\/uploads\/2010\/11\/Entrenamiento-300x171.jpg 300w\" sizes=\"(max-width: 550px) 100vw, 550px\" \/><\/a><\/p>\n<p>Los jugadores que no fueron convocados por Mohamed para viajar a Santa Fe se entrenaron por la ma\u00f1ana del lunes en el predio Santo Domingo de Villa Dom\u00ednico. Si bien Mohamed no confirm\u00f3 la alineaci\u00f3n, se especula con que los 11 ser\u00edan <strong>Hilario Navarro ;Juli\u00e1n Velazquez, Eduardo Tuzzio, Leonel Galeano; Nicol\u00e1s Cabrera, Roberto Battion, Hern\u00e1n Fredes, Lucas Mareque; Mart\u00edn Gomez, Facundo Parra y Andr\u00e9s Silvera.<\/strong><\/p>\n<p>El plantel volvi\u00f3 en micro a Buenos Aires culminado el partido y qued\u00f3 concentrado en el Hotel Intercontinental. El entrenamiento del martes ser\u00e1 a las 17,00 horas y probablemente el mi\u00e9rcoles haya una pr\u00e1ctica de f\u00fatbol teniendo en cuenta que en el entrenamiento del martes por la tarde los que jugaron en Santa Fe har\u00e1n trabajos regenerativos.<\/p>\n","protected":false},"excerpt":{"rendered":"<p>Los jugadores que no fueron convocados por Mohamed para viajar a Santa Fe se entrenaron por la ma\u00f1ana del lunes en el predio Santo Domingo de Villa Dom\u00ednico. Si bien Mohamed no confirm\u00f3 la alineaci\u00f3n, se especula con que los 11 ser\u00edan Hilario Navarro ;Juli\u00e1n Velazquez, Eduardo Tuzzio, Leonel Galeano; Nicol\u00e1s Cabrera, Roberto Battion, Hern\u00e1n [&hellip;]<\/p>\n","protected":false},"author":1,"featured_media":0,"comment_status":"open","ping_status":"open","sticky":false,"template":"","format":"standard","meta":{"_links_to":"","_links_to_target":""},"categories":[7,3,1],"tags":[153,59],"_links":{"self":[{"href":"https:\/\/www.locoxelrojo.com\/independiente\/wp-json\/wp\/v2\/posts\/2998"}],"collection":[{"href":"https:\/\/www.locoxelrojo.com\/independiente\/wp-json\/wp\/v2\/posts"}],"about":[{"href":"https:\/\/www.locoxelrojo.com\/independiente\/wp-json\/wp\/v2\/types\/post"}],"author":[{"embeddable":true,"href":"https:\/\/www.locoxelrojo.com\/independiente\/wp-json\/wp\/v2\/users\/1"}],"replies":[{"embeddable":true,"href":"https:\/\/www.locoxelrojo.com\/independiente\/wp-json\/wp\/v2\/comments?post=2998"}],"version-history":[{"count":0,"href":"https:\/\/www.locoxelrojo.com\/independiente\/wp-json\/wp\/v2\/posts\/2998\/revisions"}],"wp:attachment":[{"href":"https:\/\/www.locoxelrojo.com\/independiente\/wp-json\/wp\/v2\/media?parent=2998"}],"wp:term":[{"taxonomy":"category","embeddable":true,"href":"https:\/\/www.locoxelrojo.com\/independiente\/wp-json\/wp\/v2\/categories?post=2998"},{"taxonomy":"post_tag","embeddable":true,"href":"https:\/\/www.locoxelrojo.com\/independiente\/wp-json\/wp\/v2\/tags?post=2998"}],"curies":[{"name":"wp","href":"https:\/\/api.w.org\/{rel}","templated":true}]}}