{"id":3013,"date":"2010-11-24T05:28:46","date_gmt":"2010-11-24T07:28:46","guid":{"rendered":"http:\/\/www.locoxelrojo.com.ar\/independiente\/?p=3013"},"modified":"2010-11-24T05:28:46","modified_gmt":"2010-11-24T07:28:46","slug":"ultimo-entrenamiento-2","status":"publish","type":"post","link":"https:\/\/www.locoxelrojo.com\/independiente\/2010\/11\/24\/ultimo-entrenamiento-2\/","title":{"rendered":"\u00daltimo entrenamiento"},"content":{"rendered":"<p><a href=\"http:\/\/www.locoxelrojo.com.ar\/independiente\/wp-content\/uploads\/2010\/11\/entrenamiento3.jpg\"><img loading=\"lazy\" class=\"alignnone size-full wp-image-3014\" title=\"entrenamiento\" src=\"http:\/\/www.locoxelrojo.com.ar\/independiente\/wp-content\/uploads\/2010\/11\/entrenamiento3.jpg\" alt=\"\" width=\"550\" height=\"315\" srcset=\"https:\/\/locoxelrojo.com\/independiente\/wp-content\/uploads\/2010\/11\/entrenamiento3.jpg 550w, https:\/\/locoxelrojo.com\/independiente\/wp-content\/uploads\/2010\/11\/entrenamiento3-300x171.jpg 300w\" sizes=\"(max-width: 550px) 100vw, 550px\" \/><\/a><\/p>\n<p>Independiente tendr\u00e1 la \u00faltima pr\u00e1ctica antes del encuentro frente a Liga en el Estadio Libertadores de Am\u00e9rica a las 10 de la ma\u00f1ana. La misma ser\u00e1 a puertas cerradas y con posterior atenci\u00f3n a la prensa teniendo en cuenta que la Liga de Quito ya se encuentra hospedada en el Caesar Park de Recoleta y Mohamed no quiere intrusos.<\/p>\n<p>Igualmente como te anticip\u00f3 LocoxelRojo el domingo, los 11 titulares ser\u00e1n <strong>Hilario Navarro; Juli\u00e1n Vel\u00e1zquez, Eduardo Tuzzio, Leonel Galeano; Nicol\u00e1s Cabrera, Roberto Batti\u00f3n, Hern\u00e1n Fredes, Lucas Mareque; Facundo Parra, Andr\u00e9s Silvera y Mart\u00edn G\u00f3mez.<\/strong><\/p>\n<p>En la pr\u00e1ctica del martes, entre los suplentes estuvieron Fabi\u00e1n Assman; Brian Luna, Samuel C\u00e1ceres, Maximiliano Vel\u00e1zquez, Lucas Kruspzky; Nicol\u00e1s Mart\u00ednez, Nicol\u00e1s Delmonte, Iv\u00e1n P\u00e9rez; Federico Mancuello; Andr\u00e9s Ariaudo y Germ\u00e1n Pacheco. Igualmente, hay que tener en cuenta que varios de los que jugaron en Santa Fe solo hicieron trabajos regenerativos. En entrenamiento del mi\u00e9rcoles, ser\u00e1 clave entonces para ver la conformaci\u00f3n del banco de los suplentes y de la lista de concentrados.<\/p>\n<p>Igualmente, los mismos seguramente sean: Adri\u00e1n Gabbarini, Maximiliano Vel\u00e1zquez, Fernando Godoy, Nicol\u00e1s Mart\u00ednez y Patricio Rodr\u00edguez.<\/p>\n","protected":false},"excerpt":{"rendered":"<p>Independiente tendr\u00e1 la \u00faltima pr\u00e1ctica antes del encuentro frente a Liga en el Estadio Libertadores de Am\u00e9rica a las 10 de la ma\u00f1ana. La misma ser\u00e1 a puertas cerradas y con posterior atenci\u00f3n a la prensa teniendo en cuenta que la Liga de Quito ya se encuentra hospedada en el Caesar Park de Recoleta y [&hellip;]<\/p>\n","protected":false},"author":1,"featured_media":0,"comment_status":"open","ping_status":"open","sticky":false,"template":"","format":"standard","meta":{"_links_to":"","_links_to_target":""},"categories":[7,3,1],"tags":[115,153,182,59],"_links":{"self":[{"href":"https:\/\/www.locoxelrojo.com\/independiente\/wp-json\/wp\/v2\/posts\/3013"}],"collection":[{"href":"https:\/\/www.locoxelrojo.com\/independiente\/wp-json\/wp\/v2\/posts"}],"about":[{"href":"https:\/\/www.locoxelrojo.com\/independiente\/wp-json\/wp\/v2\/types\/post"}],"author":[{"embeddable":true,"href":"https:\/\/www.locoxelrojo.com\/independiente\/wp-json\/wp\/v2\/users\/1"}],"replies":[{"embeddable":true,"href":"https:\/\/www.locoxelrojo.com\/independiente\/wp-json\/wp\/v2\/comments?post=3013"}],"version-history":[{"count":0,"href":"https:\/\/www.locoxelrojo.com\/independiente\/wp-json\/wp\/v2\/posts\/3013\/revisions"}],"wp:attachment":[{"href":"https:\/\/www.locoxelrojo.com\/independiente\/wp-json\/wp\/v2\/media?parent=3013"}],"wp:term":[{"taxonomy":"category","embeddable":true,"href":"https:\/\/www.locoxelrojo.com\/independiente\/wp-json\/wp\/v2\/categories?post=3013"},{"taxonomy":"post_tag","embeddable":true,"href":"https:\/\/www.locoxelrojo.com\/independiente\/wp-json\/wp\/v2\/tags?post=3013"}],"curies":[{"name":"wp","href":"https:\/\/api.w.org\/{rel}","templated":true}]}}