{"id":30480,"date":"2013-04-07T04:07:42","date_gmt":"2013-04-07T07:07:42","guid":{"rendered":"http:\/\/www.locoxelrojo.com.ar\/independiente\/?p=30480"},"modified":"2013-04-07T04:07:42","modified_gmt":"2013-04-07T07:07:42","slug":"vargas-estara-ante-union","status":"publish","type":"post","link":"https:\/\/www.locoxelrojo.com\/independiente\/2013\/04\/07\/vargas-estara-ante-union\/","title":{"rendered":"Vargas estar\u00e1 ante Uni\u00f3n"},"content":{"rendered":"<p><strong>Fabi\u00e1n Vargas confirm\u00f3 en su cuenta personal de Twitter que no tiene ninguna lesi\u00f3n y que el choque que sufri\u00f3 ante All Boys &#8220;fue s\u00f3lo un golpe&#8221;. El colombiano estar\u00e1 presente el pr\u00f3ximo viernes ante Uni\u00f3n.<\/strong><\/p>\n<p>Preocup\u00f3 a todos. Tras chocar ante un jugador del equipo de Floresta y sufrir un fuerte dolor en el cu\u00e1driceps de su pierna izquierda, el volante decidi\u00f3 salir porque le costaba caminar. De hecho, a<strong> los 15 minutos de la primera parte, fue reemplazado por Jonathan Santana.<\/strong><\/p>\n<p>Para tranquilidad de Am\u00e9rico Gallego y todos los hinchas de Independiente, <a href=\"https:\/\/twitter.com\/FabianVargas6\">Vargas, en su cuenta personal de Twitter<\/a>, escribi\u00f3:<strong> &#8220;Buen dia gente! Gracias a todos por preocuparse. Solo fue en golpe en el cuadriceps, el viernes estar\u00e9 devuelta frente al ca\u00f1\u00f3n. Fuerte abrazo&#8221;.<\/strong><\/p>\n","protected":false},"excerpt":{"rendered":"<p>Fabi\u00e1n Vargas confirm\u00f3 en su cuenta personal de Twitter que no tiene ninguna lesi\u00f3n y que el choque que sufri\u00f3 ante All Boys &#8220;fue s\u00f3lo un golpe&#8221;. El colombiano estar\u00e1 presente el pr\u00f3ximo viernes ante Uni\u00f3n. Preocup\u00f3 a todos. Tras chocar ante un jugador del equipo de Floresta y sufrir un fuerte dolor en el [&hellip;]<\/p>\n","protected":false},"author":11,"featured_media":30482,"comment_status":"closed","ping_status":"closed","sticky":false,"template":"","format":"standard","meta":{"_links_to":"","_links_to_target":""},"categories":[3,1],"tags":[1560],"_links":{"self":[{"href":"https:\/\/www.locoxelrojo.com\/independiente\/wp-json\/wp\/v2\/posts\/30480"}],"collection":[{"href":"https:\/\/www.locoxelrojo.com\/independiente\/wp-json\/wp\/v2\/posts"}],"about":[{"href":"https:\/\/www.locoxelrojo.com\/independiente\/wp-json\/wp\/v2\/types\/post"}],"author":[{"embeddable":true,"href":"https:\/\/www.locoxelrojo.com\/independiente\/wp-json\/wp\/v2\/users\/11"}],"replies":[{"embeddable":true,"href":"https:\/\/www.locoxelrojo.com\/independiente\/wp-json\/wp\/v2\/comments?post=30480"}],"version-history":[{"count":0,"href":"https:\/\/www.locoxelrojo.com\/independiente\/wp-json\/wp\/v2\/posts\/30480\/revisions"}],"wp:featuredmedia":[{"embeddable":true,"href":"https:\/\/www.locoxelrojo.com\/independiente\/wp-json\/wp\/v2\/media\/30482"}],"wp:attachment":[{"href":"https:\/\/www.locoxelrojo.com\/independiente\/wp-json\/wp\/v2\/media?parent=30480"}],"wp:term":[{"taxonomy":"category","embeddable":true,"href":"https:\/\/www.locoxelrojo.com\/independiente\/wp-json\/wp\/v2\/categories?post=30480"},{"taxonomy":"post_tag","embeddable":true,"href":"https:\/\/www.locoxelrojo.com\/independiente\/wp-json\/wp\/v2\/tags?post=30480"}],"curies":[{"name":"wp","href":"https:\/\/api.w.org\/{rel}","templated":true}]}}