{"id":30505,"date":"2013-04-07T21:54:55","date_gmt":"2013-04-08T00:54:55","guid":{"rendered":"http:\/\/www.locoxelrojo.com.ar\/independiente\/?p=30505"},"modified":"2015-10-07T18:25:07","modified_gmt":"2015-10-07T21:25:07","slug":"resumen-semanal-se-bajo-el-primero","status":"publish","type":"post","link":"https:\/\/www.locoxelrojo.com\/independiente\/2013\/04\/07\/resumen-semanal-se-bajo-el-primero\/","title":{"rendered":"Resumen semanal: se baj\u00f3 el primero"},"content":{"rendered":"<p>La semana en Independiente fue corta pero intensa. <strong><a href=\"http:\/\/www.locoxelrojo.com.ar\/independiente\/2013\/04\/05\/renuncio-mario-fuentes\/\">Mario Fuentes<\/a>, el Secretario Deportivo del club, renunci\u00f3 a su cargo<\/strong> debido a problemas de salud y el tiempo que exige su puesto.<\/p>\n<p>Por su parte,<strong> <a href=\"http:\/\/www.locoxelrojo.com.ar\/independiente\/2013\/04\/06\/cantero-la-responsabilidad-deportiva-actual-es-mia\/\">Javier Cantero<\/a> desminti\u00f3 los rumores de renuncia del entrenador Am\u00e9rico Gallego. Adem\u00e1s, admiti\u00f3 que es responsable del presente deportivo del club y que no hay que culpar a Julio Comparada ni a los jugadores y cuerpo t\u00e9cnico.<\/strong><\/p>\n<p>La derrota en Floresta por 2 a 0 ante All Boys el viernes por la noche dej\u00f3 secuelas. <strong>Lo hinchas perdieron la paciencia y por primera vez en el torneo <a href=\"http:\/\/www.locoxelrojo.com.ar\/independiente\/2013\/04\/05\/la-gente-exploto-contra-los-jugadores\/\">el equipo recibi\u00f3 insultos<\/a>.<\/strong><\/p>\n<p><strong><a href=\"http:\/\/www.locoxelrojo.com.ar\/independiente\/2013\/04\/07\/vargas-estara-ante-union\/\">Fabi\u00e1n Vargas<\/a> sufri\u00f3 un golpe que lo dej\u00f3 fuera de la cancha, pero esto no le impedir\u00e1 estar en el partido del pr\u00f3ximo viernes frente a Uni\u00f3n<\/strong>, a las 21.30 hs en el Libertadores de Am\u00e9rica.<\/p>\n<p>Lo positivo fue la solidaridad del hincha. En el transcurso de la semana, Rojo Solidario recibi\u00f3 donaciones para la ciudad de La Plata tras el fuerte temporal que sufri\u00f3 el martes.<strong> El pueblo rojo respondi\u00f3 con creces al pedido y este s\u00e1bado, el <a href=\"http:\/\/www.locoxelrojo.com.ar\/independiente\/2013\/04\/07\/el-diablo-bus-llevo-las-donaciones\/\">Diablo Bus<\/a> llev\u00f3 las cosas a los damnificados.<\/strong> Si no colaboraste, todav\u00eda tenes tiempo de hacerlo en todos los predios del club.<\/p>\n","protected":false},"excerpt":{"rendered":"<p>La semana en Independiente fue corta pero intensa. Mario Fuentes, el Secretario Deportivo del club, renunci\u00f3 a su cargo debido a problemas de salud y el tiempo que exige su puesto. Por su parte, Javier Cantero desminti\u00f3 los rumores de renuncia del entrenador Am\u00e9rico Gallego. Adem\u00e1s, admiti\u00f3 que es responsable del presente deportivo del club [&hellip;]<\/p>\n","protected":false},"author":1,"featured_media":30511,"comment_status":"closed","ping_status":"closed","sticky":false,"template":"","format":"standard","meta":{"_links_to":"","_links_to_target":""},"categories":[1],"tags":[153,1560,723,1166,370],"_links":{"self":[{"href":"https:\/\/www.locoxelrojo.com\/independiente\/wp-json\/wp\/v2\/posts\/30505"}],"collection":[{"href":"https:\/\/www.locoxelrojo.com\/independiente\/wp-json\/wp\/v2\/posts"}],"about":[{"href":"https:\/\/www.locoxelrojo.com\/independiente\/wp-json\/wp\/v2\/types\/post"}],"author":[{"embeddable":true,"href":"https:\/\/www.locoxelrojo.com\/independiente\/wp-json\/wp\/v2\/users\/1"}],"replies":[{"embeddable":true,"href":"https:\/\/www.locoxelrojo.com\/independiente\/wp-json\/wp\/v2\/comments?post=30505"}],"version-history":[{"count":0,"href":"https:\/\/www.locoxelrojo.com\/independiente\/wp-json\/wp\/v2\/posts\/30505\/revisions"}],"wp:featuredmedia":[{"embeddable":true,"href":"https:\/\/www.locoxelrojo.com\/independiente\/wp-json\/wp\/v2\/media\/30511"}],"wp:attachment":[{"href":"https:\/\/www.locoxelrojo.com\/independiente\/wp-json\/wp\/v2\/media?parent=30505"}],"wp:term":[{"taxonomy":"category","embeddable":true,"href":"https:\/\/www.locoxelrojo.com\/independiente\/wp-json\/wp\/v2\/categories?post=30505"},{"taxonomy":"post_tag","embeddable":true,"href":"https:\/\/www.locoxelrojo.com\/independiente\/wp-json\/wp\/v2\/tags?post=30505"}],"curies":[{"name":"wp","href":"https:\/\/api.w.org\/{rel}","templated":true}]}}