{"id":30525,"date":"2013-04-08T10:58:53","date_gmt":"2013-04-08T13:58:53","guid":{"rendered":"http:\/\/www.locoxelrojo.com.ar\/independiente\/?p=30525"},"modified":"2013-04-09T00:18:17","modified_gmt":"2013-04-09T03:18:17","slug":"grinbank-independiente-se-tiene-que-refundar-a-partir-de-junio","status":"publish","type":"post","link":"https:\/\/www.locoxelrojo.com\/independiente\/2013\/04\/08\/grinbank-independiente-se-tiene-que-refundar-a-partir-de-junio\/","title":{"rendered":"Grinbank: &#8220;Independiente se tiene que refundar a partir de junio&#8221;"},"content":{"rendered":"<p>Daniel Grinbank habl\u00f3 sobre el presente institucional de Independiente. Fue cr\u00edtico con la gesti\u00f3n de Javier Cantero y cuestion\u00f3 el periodo de Julio Comparada.<\/p>\n<p><strong>\u201cEsta gesti\u00f3n es parte, pero no es la \u00fanica responsable de este momento. No entiendo como Cantero desliga a Comparada de esto. Fueron terribles sus a\u00f1os en el club&#8221;<\/strong>, expres\u00f3 el empresario y productor anoche en Independiente de Am\u00e9rica.<\/p>\n<p><strong>\u201cNo estoy conforme con esta gesti\u00f3n, pero no me permitir\u00eda volver al pasado. Fueron 8 a\u00f1os nefastos&#8221;<\/strong>, dispar\u00f3 contra Comparada. Tampoco se salv\u00f3 de las criticas Cantero: <strong>&#8220;Estamos en la punta de un volc\u00e1n que est\u00e1 por estallar. No quiero apagar el fuego con kerosene, pero si hay algo que ha caracterizado a esta gesti\u00f3n es no escuchar a la gente&#8221;<\/strong>.<\/p>\n<p>En cuanto al f\u00fatbol se sincer\u00f3: <strong>\u201cQueda poco por hacer, son 11 fechas y 33 puntos en juego. Los hinchas tenemos que tener la grandeza y el respeto que no tuvieron los dirigentes de \u00faltimos a\u00f1os\u201d<\/strong>.<\/p>\n<p>Por \u00faltimo, manifest\u00f3 que al finalizar la temporada tiene que haber cambios en el club: <strong>\u201cZafemos o no del descenso, en junio tiene que refundarse el club. No s\u00e9 si hubo o no un plan en lo futbol\u00edstico, pero si se desvirtu\u00f3 hay que recuperarlo\u201d<\/strong>.<\/p>\n","protected":false},"excerpt":{"rendered":"<p>Daniel Grinbank habl\u00f3 sobre el presente institucional de Independiente. Fue cr\u00edtico con la gesti\u00f3n de Javier Cantero y cuestion\u00f3 el periodo de Julio Comparada. \u201cEsta gesti\u00f3n es parte, pero no es la \u00fanica responsable de este momento. No entiendo como Cantero desliga a Comparada de esto. Fueron terribles sus a\u00f1os en el club&#8221;, expres\u00f3 el [&hellip;]<\/p>\n","protected":false},"author":1,"featured_media":30526,"comment_status":"closed","ping_status":"closed","sticky":false,"template":"","format":"standard","meta":{"_links_to":"","_links_to_target":""},"categories":[4,1],"tags":[104],"_links":{"self":[{"href":"https:\/\/www.locoxelrojo.com\/independiente\/wp-json\/wp\/v2\/posts\/30525"}],"collection":[{"href":"https:\/\/www.locoxelrojo.com\/independiente\/wp-json\/wp\/v2\/posts"}],"about":[{"href":"https:\/\/www.locoxelrojo.com\/independiente\/wp-json\/wp\/v2\/types\/post"}],"author":[{"embeddable":true,"href":"https:\/\/www.locoxelrojo.com\/independiente\/wp-json\/wp\/v2\/users\/1"}],"replies":[{"embeddable":true,"href":"https:\/\/www.locoxelrojo.com\/independiente\/wp-json\/wp\/v2\/comments?post=30525"}],"version-history":[{"count":0,"href":"https:\/\/www.locoxelrojo.com\/independiente\/wp-json\/wp\/v2\/posts\/30525\/revisions"}],"wp:featuredmedia":[{"embeddable":true,"href":"https:\/\/www.locoxelrojo.com\/independiente\/wp-json\/wp\/v2\/media\/30526"}],"wp:attachment":[{"href":"https:\/\/www.locoxelrojo.com\/independiente\/wp-json\/wp\/v2\/media?parent=30525"}],"wp:term":[{"taxonomy":"category","embeddable":true,"href":"https:\/\/www.locoxelrojo.com\/independiente\/wp-json\/wp\/v2\/categories?post=30525"},{"taxonomy":"post_tag","embeddable":true,"href":"https:\/\/www.locoxelrojo.com\/independiente\/wp-json\/wp\/v2\/tags?post=30525"}],"curies":[{"name":"wp","href":"https:\/\/api.w.org\/{rel}","templated":true}]}}