{"id":30721,"date":"2013-04-11T14:34:55","date_gmt":"2013-04-11T17:34:55","guid":{"rendered":"http:\/\/www.locoxelrojo.com.ar\/independiente\/?p=30721"},"modified":"2013-04-11T20:35:07","modified_gmt":"2013-04-11T23:35:07","slug":"union-viajo-y-tiene-todo-listo-para-visitar-a-independiente","status":"publish","type":"post","link":"https:\/\/www.locoxelrojo.com\/independiente\/2013\/04\/11\/union-viajo-y-tiene-todo-listo-para-visitar-a-independiente\/","title":{"rendered":"Uni\u00f3n viaj\u00f3 y tiene todo listo para visitar a Independiente"},"content":{"rendered":"<p><strong>El plantel que dirige Facundo Sava se entren\u00f3 este jueves por la ma\u00f1ana con la mente puesta en el partido de este viernes ante Independiente, a las 19h, en el estadio Libertadores de Am\u00e9rica. Al t\u00e9rmino de la pr\u00e1ctica, el conjunto &#8220;Tatengue&#8221; viaj\u00f3 al mediod\u00eda hac\u00eda Buenos Aires.<\/strong><\/p>\n<p>Si bien Sava no confirm\u00f3 el equipo, estos ser\u00edan los probables once de Uni\u00f3n: <strong>Alejandro Limia; Emanuel Br\u00edtez, Bruno Bianchi, Nicol\u00e1s Correa y Guillermo Cosaro; Diego Galv\u00e1n, Nicol\u00e1s Bruna y Dami\u00e1n Lizio; Fausto Montero, Pablo Magn\u00edn y Andr\u00e9s Franzoia.<\/strong><\/p>\n<p>La idea del t\u00e9cnico era entrenar en el predio de Casasol, pero las lluvias ca\u00eddas en Santa Fe hicieron cambiar los planes. <strong>Trabajaron bajo techo en el Micro Estadio &#8220;Guillermo Drenner&#8221; y emprendieron viaje hacia Buenos Aires.<\/strong><\/p>\n<p>Completan la delegaci\u00f3n: <strong>Mart\u00edn Peraf\u00e1n, Mauro Maidana, Juan Pablo Avenda\u00f1o, Pablo M\u00edguez, Marcelo Sarmiento, Brahian Alem\u00e1n, Emanuel Moreno, Juan Ignacio Cavallaro y Lionel Altamirano<\/strong>.<\/p>\n","protected":false},"excerpt":{"rendered":"<p>El plantel que dirige Facundo Sava se entren\u00f3 este jueves por la ma\u00f1ana con la mente puesta en el partido de este viernes ante Independiente, a las 19h, en el estadio Libertadores de Am\u00e9rica. Al t\u00e9rmino de la pr\u00e1ctica, el conjunto &#8220;Tatengue&#8221; viaj\u00f3 al mediod\u00eda hac\u00eda Buenos Aires. Si bien Sava no confirm\u00f3 el equipo, [&hellip;]<\/p>\n","protected":false},"author":14,"featured_media":30723,"comment_status":"closed","ping_status":"closed","sticky":false,"template":"","format":"standard","meta":{"_links_to":"","_links_to_target":""},"categories":[1990,1],"tags":[3275,2078],"_links":{"self":[{"href":"https:\/\/www.locoxelrojo.com\/independiente\/wp-json\/wp\/v2\/posts\/30721"}],"collection":[{"href":"https:\/\/www.locoxelrojo.com\/independiente\/wp-json\/wp\/v2\/posts"}],"about":[{"href":"https:\/\/www.locoxelrojo.com\/independiente\/wp-json\/wp\/v2\/types\/post"}],"author":[{"embeddable":true,"href":"https:\/\/www.locoxelrojo.com\/independiente\/wp-json\/wp\/v2\/users\/14"}],"replies":[{"embeddable":true,"href":"https:\/\/www.locoxelrojo.com\/independiente\/wp-json\/wp\/v2\/comments?post=30721"}],"version-history":[{"count":0,"href":"https:\/\/www.locoxelrojo.com\/independiente\/wp-json\/wp\/v2\/posts\/30721\/revisions"}],"wp:featuredmedia":[{"embeddable":true,"href":"https:\/\/www.locoxelrojo.com\/independiente\/wp-json\/wp\/v2\/media\/30723"}],"wp:attachment":[{"href":"https:\/\/www.locoxelrojo.com\/independiente\/wp-json\/wp\/v2\/media?parent=30721"}],"wp:term":[{"taxonomy":"category","embeddable":true,"href":"https:\/\/www.locoxelrojo.com\/independiente\/wp-json\/wp\/v2\/categories?post=30721"},{"taxonomy":"post_tag","embeddable":true,"href":"https:\/\/www.locoxelrojo.com\/independiente\/wp-json\/wp\/v2\/tags?post=30721"}],"curies":[{"name":"wp","href":"https:\/\/api.w.org\/{rel}","templated":true}]}}