{"id":30730,"date":"2013-04-11T22:41:27","date_gmt":"2013-04-12T01:41:27","guid":{"rendered":"http:\/\/www.locoxelrojo.com.ar\/independiente\/?p=30730"},"modified":"2013-04-11T23:50:13","modified_gmt":"2013-04-12T02:50:13","slug":"moyano-cantero-se-mareo-con-las-camaras-tuvo-mucha-soberbia","status":"publish","type":"post","link":"https:\/\/www.locoxelrojo.com\/independiente\/2013\/04\/11\/moyano-cantero-se-mareo-con-las-camaras-tuvo-mucha-soberbia\/","title":{"rendered":"Moyano: &#8220;Cantero se mare\u00f3 con las c\u00e1maras, tuvo mucha soberbia&#8221;"},"content":{"rendered":"<p>Pablo Moyano, Secretario Adjunto de Camioneros, dispar\u00f3 esta noche contra Javier Cantero.<strong> &#8220;Se mare\u00f3 con las c\u00e1maras, tuvo mucha soberbia e inexperiencia&#8221;<\/strong>, tir\u00f3. Por otro lado, <strong>demostr\u00f3 su disgusto por las declaraciones del Presidente en cuanto al posible descenso y remarc\u00f3 que la pelea con la barra tap\u00f3 la incapacidad para arreglar problemas.<\/strong><\/p>\n<p><strong>&#8220;No conozco a Cantero, pero se mare\u00f3 con las c\u00e1maras y no tuvo la humildad de juntarse con la oposici\u00f3n. Mucha soberbia e inexperiencia&#8221;<\/strong>, sentenci\u00f3 en di\u00e1logo con De La Cuna Al Infierno.<\/p>\n<p>Javier Cantero declar\u00f3 esta tarde que si Independiente desciende, habr\u00e1 que pensar en volver lo m\u00e1s r\u00e1pido posible. A Moyano no le gustaron nada los dichos de la m\u00e1xima autoridad roja. <strong>&#8220;Uno no se tiene que resignar. Creo que las declaraciones del Presidente son desafortunadas cuando dice que si Independiente se va a la B, hay que volver r\u00e1pido. En este momento hay que estar unidos, pero si el m\u00e1ximo responsable dice esas palabras, estamos en el horno&#8221;<\/strong>, manifest\u00f3.<\/p>\n<p>Luego, record\u00f3 el comienzo de esta gesti\u00f3n y la pelea con la barra brava. <strong>&#8220;Es una gesti\u00f3n que arranc\u00f3 con un marketing impresionante, pero creo que agarrar la bandera de la pelea con la barra tap\u00f3 la incapacidad del club para salir adelante.\u00a0Debemos 400 palos, el equipo se va a la B, la barra sigue en la cancha, la pueden ver todos&#8221;<\/strong>, solt\u00f3. Y agreg\u00f3: <strong>&#8220;Los Presidentes de los clubes no quieren a Cantero.\u00a0Hacerse el martir diciendo que lo puteen a \u00e9l no sirve de nada tampoco. Cuando vi a Cantero tapado con un cangurito en cancha de All Boys, me pareci\u00f3 vergonzozo por la imagen que damos&#8221;.\u00a0<\/strong><\/p>\n<p><strong><\/strong>Tambi\u00e9n critic\u00f3 las acciones del Presidente para intentar salir adelante <strong>y asegur\u00f3 que &#8220;no sirve estar tan cerca de los jugadores&#8221; y que &#8220;los partidos se ganan hablando con los \u00e1rbitros&#8221;.<\/strong><\/p>\n<p>Respecto de la era de Julio Comparada, Moyano aclar\u00f3 que lo cree responsable:<strong> &#8220;Comparada tambi\u00e9n es responsable. Renunci\u00e9 a mi cargo de vocal y dur\u00e9 8 meses porque no compart\u00eda nada con \u00e9l&#8221;.<\/strong><\/p>\n<p>Para cerrar, opin\u00f3 que Am\u00e9rico Gallego debe seguir hasta el final y dese\u00f3 que el equipo pueda dar ante Uni\u00f3n el primer paso.<strong> &#8220;En su momento ped\u00edamos al &#8216;Tolo&#8217; a gritos. No s\u00e9 qu\u00e9 es lo que pasa, pero Gallego tiene que morir con las botas puestas. Esperamos que ma\u00f1ana de una vez por todas podamos dar el despegue definitivo&#8221;<\/strong>, concluy\u00f3.<\/p>\n<p>&nbsp;<\/p>\n","protected":false},"excerpt":{"rendered":"<p>Pablo Moyano, Secretario Adjunto de Camioneros, dispar\u00f3 esta noche contra Javier Cantero. &#8220;Se mare\u00f3 con las c\u00e1maras, tuvo mucha soberbia e inexperiencia&#8221;, tir\u00f3. Por otro lado, demostr\u00f3 su disgusto por las declaraciones del Presidente en cuanto al posible descenso y remarc\u00f3 que la pelea con la barra tap\u00f3 la incapacidad para arreglar problemas. &#8220;No conozco [&hellip;]<\/p>\n","protected":false},"author":1,"featured_media":30736,"comment_status":"closed","ping_status":"closed","sticky":false,"template":"","format":"standard","meta":{"_links_to":"","_links_to_target":""},"categories":[3,1],"tags":[723,33,439],"_links":{"self":[{"href":"https:\/\/www.locoxelrojo.com\/independiente\/wp-json\/wp\/v2\/posts\/30730"}],"collection":[{"href":"https:\/\/www.locoxelrojo.com\/independiente\/wp-json\/wp\/v2\/posts"}],"about":[{"href":"https:\/\/www.locoxelrojo.com\/independiente\/wp-json\/wp\/v2\/types\/post"}],"author":[{"embeddable":true,"href":"https:\/\/www.locoxelrojo.com\/independiente\/wp-json\/wp\/v2\/users\/1"}],"replies":[{"embeddable":true,"href":"https:\/\/www.locoxelrojo.com\/independiente\/wp-json\/wp\/v2\/comments?post=30730"}],"version-history":[{"count":0,"href":"https:\/\/www.locoxelrojo.com\/independiente\/wp-json\/wp\/v2\/posts\/30730\/revisions"}],"wp:featuredmedia":[{"embeddable":true,"href":"https:\/\/www.locoxelrojo.com\/independiente\/wp-json\/wp\/v2\/media\/30736"}],"wp:attachment":[{"href":"https:\/\/www.locoxelrojo.com\/independiente\/wp-json\/wp\/v2\/media?parent=30730"}],"wp:term":[{"taxonomy":"category","embeddable":true,"href":"https:\/\/www.locoxelrojo.com\/independiente\/wp-json\/wp\/v2\/categories?post=30730"},{"taxonomy":"post_tag","embeddable":true,"href":"https:\/\/www.locoxelrojo.com\/independiente\/wp-json\/wp\/v2\/tags?post=30730"}],"curies":[{"name":"wp","href":"https:\/\/api.w.org\/{rel}","templated":true}]}}