{"id":30742,"date":"2013-04-12T13:30:48","date_gmt":"2013-04-12T16:30:48","guid":{"rendered":"http:\/\/www.locoxelrojo.com.ar\/independiente\/?p=30742"},"modified":"2013-04-12T13:30:48","modified_gmt":"2013-04-12T16:30:48","slug":"a-tolo-o-nada","status":"publish","type":"post","link":"https:\/\/www.locoxelrojo.com\/independiente\/2013\/04\/12\/a-tolo-o-nada\/","title":{"rendered":"A Tolo o nada"},"content":{"rendered":"<p><strong>Esta tarde a las 19 hs Independiente recibe a Uni\u00f3n de Santa Fe por la fecha 9 del Torneo Final 2013. El &#8220;Rojo&#8221; busca sumar de a tres, de una vez por todas y volver a creer que todav\u00eda se puede. Juan Pablo Pompei ser\u00e1 el \u00e1rbitro de este duelo clave por la permanencia.<\/strong><\/p>\n<p>Pase lo que pase, Independiente seguir\u00e1 en zona de descenso al menos una fecha m\u00e1s. <strong>Este partido no s\u00f3lo es importante porque se trata de un rival directo, sino tambi\u00e9n porque determinar\u00e1 el futuro de Am\u00e9rico Gallego.<\/strong><\/p>\n<p>Finalmente, el &#8220;Tolo&#8221; no implementar\u00e1 la l\u00ednea de 3 y seguir\u00e1 con cuatro defensores, con Gonzalo Contrera de lateral derecho. \u00a0El juvenil Adri\u00e1n Fern\u00e1ndez, tendr\u00e1 su debut desde el arranque en la delantera.<\/p>\n<p><strong>Gallego har\u00e1 cuatro modificaciones con respecto al equipo que cay\u00f3 ante All Boys: Gonzalo Contrera por Juli\u00e1n Vel\u00e1zquez, Leonel Galeano por Claudio Morel Rodr\u00edguez (suspendido), Hern\u00e1n Fredes por Luciano Leguizam\u00f3n y Adri\u00e1n Fern\u00e1ndez por Juan Fernando Caicedo.<\/strong><\/p>\n<p>Por el lado de Uni\u00f3n, <strong>Facundo Sava s\u00f3lo presentar\u00e1 un cambio en base al equipo que empat\u00f3 contra Argentinos la fecha pasada: Nicol\u00e1s Bruna por Marcelo Sarmiento.<\/strong><\/p>\n<p><a href=\"http:\/\/www.locoxelrojo.com.ar\/independiente\/wp-content\/uploads\/2013\/04\/10878_10151548783466928_1217898329_n.jpg\"><img loading=\"lazy\" class=\"alignnone size-full wp-image-30743\" src=\"http:\/\/www.locoxelrojo.com.ar\/independiente\/wp-content\/uploads\/2013\/04\/10878_10151548783466928_1217898329_n.jpg\" alt=\"\" width=\"590\" height=\"473\" srcset=\"https:\/\/locoxelrojo.com\/independiente\/wp-content\/uploads\/2013\/04\/10878_10151548783466928_1217898329_n.jpg 590w, https:\/\/locoxelrojo.com\/independiente\/wp-content\/uploads\/2013\/04\/10878_10151548783466928_1217898329_n-300x240.jpg 300w\" sizes=\"(max-width: 590px) 100vw, 590px\" \/><\/a><\/p>\n","protected":false},"excerpt":{"rendered":"<p>Esta tarde a las 19 hs Independiente recibe a Uni\u00f3n de Santa Fe por la fecha 9 del Torneo Final 2013. El &#8220;Rojo&#8221; busca sumar de a tres, de una vez por todas y volver a creer que todav\u00eda se puede. Juan Pablo Pompei ser\u00e1 el \u00e1rbitro de este duelo clave por la permanencia. Pase [&hellip;]<\/p>\n","protected":false},"author":17,"featured_media":30749,"comment_status":"closed","ping_status":"closed","sticky":false,"template":"","format":"standard","meta":{"_links_to":"","_links_to_target":""},"categories":[2007,3,1],"tags":[153,1972,1155],"_links":{"self":[{"href":"https:\/\/www.locoxelrojo.com\/independiente\/wp-json\/wp\/v2\/posts\/30742"}],"collection":[{"href":"https:\/\/www.locoxelrojo.com\/independiente\/wp-json\/wp\/v2\/posts"}],"about":[{"href":"https:\/\/www.locoxelrojo.com\/independiente\/wp-json\/wp\/v2\/types\/post"}],"author":[{"embeddable":true,"href":"https:\/\/www.locoxelrojo.com\/independiente\/wp-json\/wp\/v2\/users\/17"}],"replies":[{"embeddable":true,"href":"https:\/\/www.locoxelrojo.com\/independiente\/wp-json\/wp\/v2\/comments?post=30742"}],"version-history":[{"count":0,"href":"https:\/\/www.locoxelrojo.com\/independiente\/wp-json\/wp\/v2\/posts\/30742\/revisions"}],"wp:featuredmedia":[{"embeddable":true,"href":"https:\/\/www.locoxelrojo.com\/independiente\/wp-json\/wp\/v2\/media\/30749"}],"wp:attachment":[{"href":"https:\/\/www.locoxelrojo.com\/independiente\/wp-json\/wp\/v2\/media?parent=30742"}],"wp:term":[{"taxonomy":"category","embeddable":true,"href":"https:\/\/www.locoxelrojo.com\/independiente\/wp-json\/wp\/v2\/categories?post=30742"},{"taxonomy":"post_tag","embeddable":true,"href":"https:\/\/www.locoxelrojo.com\/independiente\/wp-json\/wp\/v2\/tags?post=30742"}],"curies":[{"name":"wp","href":"https:\/\/api.w.org\/{rel}","templated":true}]}}