{"id":3077,"date":"2010-11-26T03:23:37","date_gmt":"2010-11-26T05:23:37","guid":{"rendered":"http:\/\/www.locoxelrojo.com.ar\/independiente\/?p=3077"},"modified":"2010-11-26T07:41:36","modified_gmt":"2010-11-26T09:41:36","slug":"fredes-el-heroe-de-la-jornada","status":"publish","type":"post","link":"https:\/\/www.locoxelrojo.com\/independiente\/2010\/11\/26\/fredes-el-heroe-de-la-jornada\/","title":{"rendered":"Fredes, el h\u00e9roe de la jornada"},"content":{"rendered":"<p><a href=\"http:\/\/www.locoxelrojo.com.ar\/independiente\/wp-content\/uploads\/2010\/11\/fredes.jpg\"><img loading=\"lazy\" class=\"alignnone size-full wp-image-3110\" title=\"fredes\" src=\"http:\/\/www.locoxelrojo.com.ar\/independiente\/wp-content\/uploads\/2010\/11\/fredes.jpg\" alt=\"\" width=\"550\" height=\"315\" srcset=\"https:\/\/locoxelrojo.com\/independiente\/wp-content\/uploads\/2010\/11\/fredes.jpg 550w, https:\/\/locoxelrojo.com\/independiente\/wp-content\/uploads\/2010\/11\/fredes-300x171.jpg 300w\" sizes=\"(max-width: 550px) 100vw, 550px\" \/><\/a><\/p>\n<p>Hern\u00e1n Fredes debut\u00f3 en Independiente en el 2005 de la mano de Falcioni. Dese ese entonces siempre le costo consolidarse en la Primera Divisi\u00f3n. Tuvo miles de oportunidades pero siempre fue un jugador resistido por la gente. Prob\u00f3 por derecha, por izquierda, pero no hubo caso. Hasta tuvo que irse a Europa a pr\u00e9stamo para cambiar de aire.<\/p>\n<p>Desde la llegada de Mohamed, se esta viendo una versi\u00f3n distinta de Fredes. Como un doble cinco mentiroso, con m\u00e1s participaci\u00f3n en el juego, Fredes fue recuperando la confianza y a fuerza de sacrificio y por sobre todas las cosas buen juego se fue ganando a la gente.<\/p>\n<p>Hoy adem\u00e1s de ser la figura del encuentro y darle la clasificaci\u00f3n a la final del torneo al Rojo, hizo su cuarto gol en Independiente, y el segundo en el torneo: hab\u00eda marcado en el 4-2, como local, ante Defensor.<br \/>\n<em><br \/>\n<strong>Gol de Hern\u00e1n Fredes:<\/strong><\/em><\/p>\n<p><object classid=\"clsid:d27cdb6e-ae6d-11cf-96b8-444553540000\" width=\"480\" height=\"385\" codebase=\"http:\/\/download.macromedia.com\/pub\/shockwave\/cabs\/flash\/swflash.cab#version=6,0,40,0\"><param name=\"allowFullScreen\" value=\"true\" \/><param name=\"allowscriptaccess\" value=\"always\" \/><param name=\"src\" value=\"http:\/\/www.youtube.com\/v\/8KDSjnDdw1A?fs=1&amp;hl=es_ES\" \/><param name=\"allowfullscreen\" value=\"true\" \/><embed type=\"application\/x-shockwave-flash\" width=\"480\" height=\"385\" src=\"http:\/\/www.youtube.com\/v\/8KDSjnDdw1A?fs=1&amp;hl=es_ES\" allowscriptaccess=\"always\" allowfullscreen=\"true\"><\/embed><\/object><\/p>\n","protected":false},"excerpt":{"rendered":"<p>Hern\u00e1n Fredes debut\u00f3 en Independiente en el 2005 de la mano de Falcioni. Dese ese entonces siempre le costo consolidarse en la Primera Divisi\u00f3n. Tuvo miles de oportunidades pero siempre fue un jugador resistido por la gente. Prob\u00f3 por derecha, por izquierda, pero no hubo caso. Hasta tuvo que irse a Europa a pr\u00e9stamo para [&hellip;]<\/p>\n","protected":false},"author":1,"featured_media":0,"comment_status":"open","ping_status":"open","sticky":false,"template":"","format":"standard","meta":{"_links_to":"","_links_to_target":""},"categories":[7,3,1],"tags":[153,3266,71],"_links":{"self":[{"href":"https:\/\/www.locoxelrojo.com\/independiente\/wp-json\/wp\/v2\/posts\/3077"}],"collection":[{"href":"https:\/\/www.locoxelrojo.com\/independiente\/wp-json\/wp\/v2\/posts"}],"about":[{"href":"https:\/\/www.locoxelrojo.com\/independiente\/wp-json\/wp\/v2\/types\/post"}],"author":[{"embeddable":true,"href":"https:\/\/www.locoxelrojo.com\/independiente\/wp-json\/wp\/v2\/users\/1"}],"replies":[{"embeddable":true,"href":"https:\/\/www.locoxelrojo.com\/independiente\/wp-json\/wp\/v2\/comments?post=3077"}],"version-history":[{"count":0,"href":"https:\/\/www.locoxelrojo.com\/independiente\/wp-json\/wp\/v2\/posts\/3077\/revisions"}],"wp:attachment":[{"href":"https:\/\/www.locoxelrojo.com\/independiente\/wp-json\/wp\/v2\/media?parent=3077"}],"wp:term":[{"taxonomy":"category","embeddable":true,"href":"https:\/\/www.locoxelrojo.com\/independiente\/wp-json\/wp\/v2\/categories?post=3077"},{"taxonomy":"post_tag","embeddable":true,"href":"https:\/\/www.locoxelrojo.com\/independiente\/wp-json\/wp\/v2\/tags?post=3077"}],"curies":[{"name":"wp","href":"https:\/\/api.w.org\/{rel}","templated":true}]}}