{"id":30803,"date":"2013-04-12T21:07:39","date_gmt":"2013-04-13T00:07:39","guid":{"rendered":"http:\/\/www.locoxelrojo.com.ar\/independiente\/?p=30803"},"modified":"2013-04-13T01:26:17","modified_gmt":"2013-04-13T04:26:17","slug":"mancuello-y-una-lesion-que-preocupa","status":"publish","type":"post","link":"https:\/\/www.locoxelrojo.com\/independiente\/2013\/04\/12\/mancuello-y-una-lesion-que-preocupa\/","title":{"rendered":"Mancuello y una lesi\u00f3n que preocupa"},"content":{"rendered":"<p>Federico Mancuello no pudo completar los 90 minutos del partido ante Uni\u00f3n. Tras haber jugado el encuentro como una verdadera final,<strong> el volante \u2013hoy devenido en defensor- se retir\u00f3 lesionado en el segundo tiempo<\/strong> y sum\u00f3 una preocupaci\u00f3n m\u00e1s a la complicada actualidad de Independiente.<\/p>\n<p>Corr\u00edan 24 minutos del complemento cuando Mancuello apareci\u00f3 tirado en el campo de juego del Libertadores de Am\u00e9rica. <strong>Una molestia muscular le caus\u00f3 un dolor que le impidi\u00f3 seguir en cancha<\/strong>, por lo que debi\u00f3 ser reemplazado en defensa por Juli\u00e1n Vel\u00e1zquez.<\/p>\n<p>En la semana,<strong> el cuerpo m\u00e9dico de Independiente le realizar\u00e1 los estudios correspondientes para conocer la gravedad de la lesi\u00f3n<\/strong>. Los inconvenientes f\u00edsicos parecen no tener fin en un equipo cada vez m\u00e1s diezmado y con menos variantes, y que para colmo, pierde continuamente a los jugadores que m\u00e1s se destacan en cancha, como lo fue Mancuello ante Uni\u00f3n.<\/p>\n","protected":false},"excerpt":{"rendered":"<p>Federico Mancuello no pudo completar los 90 minutos del partido ante Uni\u00f3n. Tras haber jugado el encuentro como una verdadera final, el volante \u2013hoy devenido en defensor- se retir\u00f3 lesionado en el segundo tiempo y sum\u00f3 una preocupaci\u00f3n m\u00e1s a la complicada actualidad de Independiente. Corr\u00edan 24 minutos del complemento cuando Mancuello apareci\u00f3 tirado en [&hellip;]<\/p>\n","protected":false},"author":8,"featured_media":30807,"comment_status":"closed","ping_status":"closed","sticky":false,"template":"","format":"standard","meta":{"_links_to":"","_links_to_target":""},"categories":[3,1],"tags":[48],"_links":{"self":[{"href":"https:\/\/www.locoxelrojo.com\/independiente\/wp-json\/wp\/v2\/posts\/30803"}],"collection":[{"href":"https:\/\/www.locoxelrojo.com\/independiente\/wp-json\/wp\/v2\/posts"}],"about":[{"href":"https:\/\/www.locoxelrojo.com\/independiente\/wp-json\/wp\/v2\/types\/post"}],"author":[{"embeddable":true,"href":"https:\/\/www.locoxelrojo.com\/independiente\/wp-json\/wp\/v2\/users\/8"}],"replies":[{"embeddable":true,"href":"https:\/\/www.locoxelrojo.com\/independiente\/wp-json\/wp\/v2\/comments?post=30803"}],"version-history":[{"count":0,"href":"https:\/\/www.locoxelrojo.com\/independiente\/wp-json\/wp\/v2\/posts\/30803\/revisions"}],"wp:featuredmedia":[{"embeddable":true,"href":"https:\/\/www.locoxelrojo.com\/independiente\/wp-json\/wp\/v2\/media\/30807"}],"wp:attachment":[{"href":"https:\/\/www.locoxelrojo.com\/independiente\/wp-json\/wp\/v2\/media?parent=30803"}],"wp:term":[{"taxonomy":"category","embeddable":true,"href":"https:\/\/www.locoxelrojo.com\/independiente\/wp-json\/wp\/v2\/categories?post=30803"},{"taxonomy":"post_tag","embeddable":true,"href":"https:\/\/www.locoxelrojo.com\/independiente\/wp-json\/wp\/v2\/tags?post=30803"}],"curies":[{"name":"wp","href":"https:\/\/api.w.org\/{rel}","templated":true}]}}