{"id":30846,"date":"2013-04-13T22:56:46","date_gmt":"2013-04-14T01:56:46","guid":{"rendered":"http:\/\/www.locoxelrojo.com.ar\/independiente\/?p=30846"},"modified":"2013-04-13T22:56:46","modified_gmt":"2013-04-14T01:56:46","slug":"renuncio-gallego","status":"publish","type":"post","link":"https:\/\/www.locoxelrojo.com\/independiente\/2013\/04\/13\/renuncio-gallego\/","title":{"rendered":"Renunci\u00f3 Gallego"},"content":{"rendered":"<p>Am\u00e9rico Gallego <strong>reconsider\u00f3 su decisi\u00f3n de esta ma\u00f1ana de seguir en Independiente al hablar con su familia y renunci\u00f3 a su cargo como entrenador de &#8220;Rojo&#8221;. Ya comenzaron las charlas en la Comisi\u00f3n Directiva para buscar un nuevo t\u00e9cnico.<\/strong><\/p>\n<p>Lo que parec\u00eda un final anunciado, sucedi\u00f3. <strong>Gallego hab\u00eda tenido la intenci\u00f3n de renunciar tras el empate ante Boca y en la derrota frente All Boys. Ayer, por tercera vez, present\u00f3 su renuncia y Javier Cantero no se la acept\u00f3. Era de los pocos que lo bancaban en la dirigencia, mientras que la mayor\u00eda lo quer\u00eda afuera.<\/strong><\/p>\n<p>Esta ma\u00f1ana, en el Libertadores de Am\u00e9rica, <strong>un &#8220;Tolo&#8221; abatido y sin ganas, le comunic\u00f3 al plantel que seguir\u00eda hasta el final. Sin embargo, con el correr de las horas sucedieron dos hechos: el entorno familiar de Gallego le pidi\u00f3 por favor que no contin\u00fae como DT de Independiente, mientras que muchos miembros de la dirigencia llamaron al Presidente para decirle que quer\u00edan al t\u00e9cnico afuera.<\/strong><\/p>\n<p>De esta manera, Am\u00e9rico Gallego ya no es m\u00e1s el DT de Independiente y ahora comienza la danza de nombres. <strong>\u00bfLos apuntados? Julio C\u00e9sar Falcioni y Enzo Trossero.<\/strong><\/p>\n","protected":false},"excerpt":{"rendered":"<p>Am\u00e9rico Gallego reconsider\u00f3 su decisi\u00f3n de esta ma\u00f1ana de seguir en Independiente al hablar con su familia y renunci\u00f3 a su cargo como entrenador de &#8220;Rojo&#8221;. Ya comenzaron las charlas en la Comisi\u00f3n Directiva para buscar un nuevo t\u00e9cnico. Lo que parec\u00eda un final anunciado, sucedi\u00f3. Gallego hab\u00eda tenido la intenci\u00f3n de renunciar tras el [&hellip;]<\/p>\n","protected":false},"author":1,"featured_media":30848,"comment_status":"closed","ping_status":"closed","sticky":false,"template":"","format":"standard","meta":{"_links_to":"","_links_to_target":""},"categories":[3,1],"tags":[634,1716,723,385],"_links":{"self":[{"href":"https:\/\/www.locoxelrojo.com\/independiente\/wp-json\/wp\/v2\/posts\/30846"}],"collection":[{"href":"https:\/\/www.locoxelrojo.com\/independiente\/wp-json\/wp\/v2\/posts"}],"about":[{"href":"https:\/\/www.locoxelrojo.com\/independiente\/wp-json\/wp\/v2\/types\/post"}],"author":[{"embeddable":true,"href":"https:\/\/www.locoxelrojo.com\/independiente\/wp-json\/wp\/v2\/users\/1"}],"replies":[{"embeddable":true,"href":"https:\/\/www.locoxelrojo.com\/independiente\/wp-json\/wp\/v2\/comments?post=30846"}],"version-history":[{"count":0,"href":"https:\/\/www.locoxelrojo.com\/independiente\/wp-json\/wp\/v2\/posts\/30846\/revisions"}],"wp:featuredmedia":[{"embeddable":true,"href":"https:\/\/www.locoxelrojo.com\/independiente\/wp-json\/wp\/v2\/media\/30848"}],"wp:attachment":[{"href":"https:\/\/www.locoxelrojo.com\/independiente\/wp-json\/wp\/v2\/media?parent=30846"}],"wp:term":[{"taxonomy":"category","embeddable":true,"href":"https:\/\/www.locoxelrojo.com\/independiente\/wp-json\/wp\/v2\/categories?post=30846"},{"taxonomy":"post_tag","embeddable":true,"href":"https:\/\/www.locoxelrojo.com\/independiente\/wp-json\/wp\/v2\/tags?post=30846"}],"curies":[{"name":"wp","href":"https:\/\/api.w.org\/{rel}","templated":true}]}}