{"id":30851,"date":"2013-04-14T15:55:43","date_gmt":"2013-04-14T18:55:43","guid":{"rendered":"http:\/\/www.locoxelrojo.com.ar\/independiente\/?p=30851"},"modified":"2013-04-14T16:03:42","modified_gmt":"2013-04-14T19:03:42","slug":"falcioni-descartado-por-su-representante","status":"publish","type":"post","link":"https:\/\/www.locoxelrojo.com\/independiente\/2013\/04\/14\/falcioni-descartado-por-su-representante\/","title":{"rendered":"Falcioni, descartado por su representante"},"content":{"rendered":"<p>Tras la salida de Am\u00e9rico Gallego como entrenador, el nombre que pic\u00f3 en punta para reemplazarlo fue el de Julio C\u00e9sar Falcioni. El t\u00e9cnico,<strong> campe\u00f3n con Banfield y Boca en el \u00faltimo tiempo, ya tuvo un paso por Independiente en la temporada 2005\/2006 y era el m\u00e1s buscado para calzarse el buzo de DT, pero su representante desestim\u00f3 la operaci\u00f3n por problemas personales.<\/strong><\/p>\n<p><strong>\u201cJulio quiere esperar, en este momento no est\u00e1 para trabajar y no quiere dirigir en el corto plazo. Es por una cuesti\u00f3n personal\u201d<\/strong>, manifest\u00f3 Sergio Grecco en di\u00e1logo con S\u00faper Mitre, y agreg\u00f3: <strong>\u201c\u00c9l quer\u00eda tener un descanso, un par\u00e9ntesis, y se lo est\u00e1 tomando\u201d<\/strong>.<\/p>\n<p>El representante del t\u00e9cnico remarc\u00f3 que Falcioni tuvo otras ofertas para dirigir pero las rechaz\u00f3, y as\u00ed descart\u00f3 un inconveniente personal con el \u201cRojo\u201d: <strong>\u201cLe dijo que no a Col\u00f3n, a Argentinos y ahora a Independiente. Julio tiene la decisi\u00f3n de no trabajar por ahora, pero no hay nada contra nadie. Cuando est\u00e9n todas las cosas encaminadas, ah\u00ed se ver\u00e1\u201d<\/strong>. Sin embargo, reconoci\u00f3 que el DT espera un ofrecimiento firme del exterior.<\/p>\n<p>Grecco explic\u00f3 que <strong>\u201choy no est\u00e1n las condiciones dadas\u201d<\/strong> para que Falcioni vuelva a la direcci\u00f3n t\u00e9cnica, y mucho menos con la complicada situaci\u00f3n que atraviesa el equipo, que lucha por escaparle al descenso. <strong>\u201cTenemos que tener en cuenta que no es un camino de flores, pero ahora no es el momento, no es el tiempo. En cambio, Independiente tiene que resolver esto ya porque no tiene tiempo\u201d<\/strong>, cerr\u00f3 el representante.<\/p>\n","protected":false},"excerpt":{"rendered":"<p>Tras la salida de Am\u00e9rico Gallego como entrenador, el nombre que pic\u00f3 en punta para reemplazarlo fue el de Julio C\u00e9sar Falcioni. El t\u00e9cnico, campe\u00f3n con Banfield y Boca en el \u00faltimo tiempo, ya tuvo un paso por Independiente en la temporada 2005\/2006 y era el m\u00e1s buscado para calzarse el buzo de DT, pero [&hellip;]<\/p>\n","protected":false},"author":8,"featured_media":30854,"comment_status":"closed","ping_status":"closed","sticky":false,"template":"","format":"standard","meta":{"_links_to":"","_links_to_target":""},"categories":[3,1],"tags":[1837,385],"_links":{"self":[{"href":"https:\/\/www.locoxelrojo.com\/independiente\/wp-json\/wp\/v2\/posts\/30851"}],"collection":[{"href":"https:\/\/www.locoxelrojo.com\/independiente\/wp-json\/wp\/v2\/posts"}],"about":[{"href":"https:\/\/www.locoxelrojo.com\/independiente\/wp-json\/wp\/v2\/types\/post"}],"author":[{"embeddable":true,"href":"https:\/\/www.locoxelrojo.com\/independiente\/wp-json\/wp\/v2\/users\/8"}],"replies":[{"embeddable":true,"href":"https:\/\/www.locoxelrojo.com\/independiente\/wp-json\/wp\/v2\/comments?post=30851"}],"version-history":[{"count":0,"href":"https:\/\/www.locoxelrojo.com\/independiente\/wp-json\/wp\/v2\/posts\/30851\/revisions"}],"wp:featuredmedia":[{"embeddable":true,"href":"https:\/\/www.locoxelrojo.com\/independiente\/wp-json\/wp\/v2\/media\/30854"}],"wp:attachment":[{"href":"https:\/\/www.locoxelrojo.com\/independiente\/wp-json\/wp\/v2\/media?parent=30851"}],"wp:term":[{"taxonomy":"category","embeddable":true,"href":"https:\/\/www.locoxelrojo.com\/independiente\/wp-json\/wp\/v2\/categories?post=30851"},{"taxonomy":"post_tag","embeddable":true,"href":"https:\/\/www.locoxelrojo.com\/independiente\/wp-json\/wp\/v2\/tags?post=30851"}],"curies":[{"name":"wp","href":"https:\/\/api.w.org\/{rel}","templated":true}]}}