{"id":31246,"date":"2013-04-24T17:13:42","date_gmt":"2013-04-24T20:13:42","guid":{"rendered":"http:\/\/www.locoxelrojo.com.ar\/independiente\/?p=31246"},"modified":"2015-10-07T18:57:41","modified_gmt":"2015-10-07T21:57:41","slug":"venta-de-entradas-vs-argentinos-juniors","status":"publish","type":"post","link":"https:\/\/www.locoxelrojo.com\/independiente\/2013\/04\/24\/venta-de-entradas-vs-argentinos-juniors\/","title":{"rendered":"Venta de plateas vs. Argentinos"},"content":{"rendered":"<p>Independiente recibe a Argentinos Juniors el domingo a las 14.10 h en el estadio Libertadores de Am\u00e9rica, por la fecha 11 del Torneo Final 2013. Las entradas estar\u00e1n a la venta desde este viernes en las Sedes de Avellaneda, Boyac\u00e1 y el Complejo de Wilde.<\/p>\n<p><strong>A partir de este viernes de 11 a 19 h, en las Sedes de Avellaneda, Boyac\u00e1 y el Complejo de Wilde, se pondr\u00e1n a la venta las entradas para el encuentro ante el &#8220;Bicho&#8221;, solamente para los Socios.<\/strong><\/p>\n<p><strong>La misma contin\u00faa el s\u00e1bado de 11 a 18 h en los mismos lugares y para todos los hinchas del &#8220;Rojo&#8221;. El domingo, tambi\u00e9n las pod\u00e9s conseguir en las boleter\u00eda del Libertadores de Am\u00e9rica, a partir de las 11 h. <\/strong><\/p>\n<p><strong>Precios:<\/strong><\/p>\n<p><strong>Platea Norte Alta<\/strong><br \/>\nSocios $70 \/ Invitados $200<\/p>\n<p><strong>Platea Erico Alta<\/strong><br \/>\nSocios $140 \/ Invitados $250<\/p>\n<p><strong>Platea Erico Baja<\/strong><br \/>\nSocios $200 \/ Invitados $300<\/p>\n<p><strong>Garganta del Diablo 1, 2 y 4<\/strong><br \/>\nSocios $200 \/ Invitados $300<\/p>\n<p><strong>Palco Oficial<\/strong><br \/>\nSocios $300 \/ Invitados $400<\/p>\n<p><em><span style=\"color: #888888;\"><strong>Fuente: Prensa CAI<\/strong><\/span><\/em><\/p>\n","protected":false},"excerpt":{"rendered":"<p>Independiente recibe a Argentinos Juniors el domingo a las 14.10 h en el estadio Libertadores de Am\u00e9rica, por la fecha 11 del Torneo Final 2013. Las entradas estar\u00e1n a la venta desde este viernes en las Sedes de Avellaneda, Boyac\u00e1 y el Complejo de Wilde. A partir de este viernes de 11 a 19 h, [&hellip;]<\/p>\n","protected":false},"author":1,"featured_media":31247,"comment_status":"closed","ping_status":"closed","sticky":false,"template":"","format":"standard","meta":{"_links_to":"","_links_to_target":""},"categories":[1,19],"tags":[2029,153,3062,2357],"_links":{"self":[{"href":"https:\/\/www.locoxelrojo.com\/independiente\/wp-json\/wp\/v2\/posts\/31246"}],"collection":[{"href":"https:\/\/www.locoxelrojo.com\/independiente\/wp-json\/wp\/v2\/posts"}],"about":[{"href":"https:\/\/www.locoxelrojo.com\/independiente\/wp-json\/wp\/v2\/types\/post"}],"author":[{"embeddable":true,"href":"https:\/\/www.locoxelrojo.com\/independiente\/wp-json\/wp\/v2\/users\/1"}],"replies":[{"embeddable":true,"href":"https:\/\/www.locoxelrojo.com\/independiente\/wp-json\/wp\/v2\/comments?post=31246"}],"version-history":[{"count":0,"href":"https:\/\/www.locoxelrojo.com\/independiente\/wp-json\/wp\/v2\/posts\/31246\/revisions"}],"wp:featuredmedia":[{"embeddable":true,"href":"https:\/\/www.locoxelrojo.com\/independiente\/wp-json\/wp\/v2\/media\/31247"}],"wp:attachment":[{"href":"https:\/\/www.locoxelrojo.com\/independiente\/wp-json\/wp\/v2\/media?parent=31246"}],"wp:term":[{"taxonomy":"category","embeddable":true,"href":"https:\/\/www.locoxelrojo.com\/independiente\/wp-json\/wp\/v2\/categories?post=31246"},{"taxonomy":"post_tag","embeddable":true,"href":"https:\/\/www.locoxelrojo.com\/independiente\/wp-json\/wp\/v2\/tags?post=31246"}],"curies":[{"name":"wp","href":"https:\/\/api.w.org\/{rel}","templated":true}]}}