{"id":31341,"date":"2013-04-26T00:08:29","date_gmt":"2013-04-26T03:08:29","guid":{"rendered":"http:\/\/www.locoxelrojo.com.ar\/independiente\/?p=31341"},"modified":"2013-04-26T09:42:20","modified_gmt":"2013-04-26T12:42:20","slug":"marconi-ramon-diaz-y-gallego-son-culpables-directos-del-posible-descenso","status":"publish","type":"post","link":"https:\/\/www.locoxelrojo.com\/independiente\/2013\/04\/26\/marconi-ramon-diaz-y-gallego-son-culpables-directos-del-posible-descenso\/","title":{"rendered":"Marconi: &#8220;Ram\u00f3n D\u00edaz y Gallego son culpables directos del posible descenso&#8221;"},"content":{"rendered":"<p>Guillermo Marconi fue determinante anoche al asegurar que <strong>&#8220;Ram\u00f3n D\u00edaz y Gallego son responsables directos del posible descenso de Independiente&#8221;. Adem\u00e1s, entendi\u00f3 que Javier Cantero es v\u00edctima de lo que vive el club, se refiri\u00f3 a las cr\u00edticas que recibe d\u00eda a d\u00eda por blanquear que es hincha del &#8220;Rojo&#8221; y habl\u00f3 de Julio Comparada.<\/strong><\/p>\n<p><strong>&#8220;Ram\u00f3n D\u00edaz \u00a0y Gallego son culpables, responsables directos del posible descenso. Pero no puedo culparlo a Cristian D\u00edaz. El Presidente se ilusion\u00f3 con dos victorias importantes ante Racing y Boca. Eso le pas\u00f3 por inexperiencia&#8221;<\/strong>, sentenci\u00f3 el Secretario General del SADRA en una entrevista con Marca y Presi\u00f3n por TyC Sports. <strong>&#8220;T\u00e9cnicamente est\u00e1 descendido Independiente. Creo en los milagros, pero se dan una vez cada 100 a\u00f1os y no creo que toque ahora&#8221;<\/strong>, agreg\u00f3.<\/p>\n<p>Por otra parte, opin\u00f3 que Javier Cantero <strong>&#8220;es v\u00edctima&#8221; y &#8220;hace lo que puede&#8221; respecto del presente del club. &#8220;Las \u00faltimas tres gestiones fueron terribles, han desecho a Independiente. Cantero hace lo que puede en un club invadido por la barra y con una deuda enorme. Tambi\u00e9n compr\u00f3 lo que pudo. El equipo tiene jugadores grandes que no les alcanza el f\u00edsico&#8221;<\/strong>, manifest\u00f3.<\/p>\n<p>Luego, explic\u00f3 cu\u00e1ndo y c\u00f3mo blanque\u00f3 su condici\u00f3n de hincha de Independiente y habl\u00f3 del enojo de An\u00edbal Fern\u00e1ndez con el SADRA.<strong> &#8220;Era socio de Independiente de chico. Tuve que renunciar cuando me met\u00ed en el arbitraje. Cuando termin\u00e9 en 1995, lo blanque\u00e9. En cuanto a An\u00edbal, se dirigi\u00f3 en forma educada y lo entend\u00ed porque se arm\u00f3 un gui\u00f3n cinematogr\u00e1fico en los medios. Inventaron que Independiente se iba a salvar por m\u00ed. Hace tres a\u00f1os que pelea el descenso. Dirigido por SADRA, en esta temporada, sac\u00f3 29% de los puntos. \u00bfQui\u00e9n ayud\u00f3 a Independiente? Nadie. El mismo club fue el art\u00edfice de esto&#8221;<\/strong>, cerr\u00f3.<\/p>\n<p>Finalmente opin\u00f3 de Julio Comparada y asegur\u00f3 que tuvo una relaci\u00f3n de amistad con \u00e9l, aunque reconoci\u00f3 sus graves falencias a la hora de conducir el club. <strong>&#8220;Con Comparada ten\u00eda una relaci\u00f3n de amistad, pero no cercana. No es mal tipo, no puedo criticarlo como persona, pero se equivoc\u00f3 rotundamente y nunca par\u00f3 el destino al que llev\u00f3 a Independiente. Si en la gesti\u00f3n se rob\u00f3, cosa que a m\u00ed no me consta, ser\u00e1n responsables<\/strong>&#8220;, concluy\u00f3.<\/p>\n","protected":false},"excerpt":{"rendered":"<p>Guillermo Marconi fue determinante anoche al asegurar que &#8220;Ram\u00f3n D\u00edaz y Gallego son responsables directos del posible descenso de Independiente&#8221;. Adem\u00e1s, entendi\u00f3 que Javier Cantero es v\u00edctima de lo que vive el club, se refiri\u00f3 a las cr\u00edticas que recibe d\u00eda a d\u00eda por blanquear que es hincha del &#8220;Rojo&#8221; y habl\u00f3 de Julio Comparada. [&hellip;]<\/p>\n","protected":false},"author":11,"featured_media":31350,"comment_status":"closed","ping_status":"closed","sticky":false,"template":"","format":"standard","meta":{"_links_to":"","_links_to_target":""},"categories":[3,1],"tags":[634,1847,723,33,500],"_links":{"self":[{"href":"https:\/\/www.locoxelrojo.com\/independiente\/wp-json\/wp\/v2\/posts\/31341"}],"collection":[{"href":"https:\/\/www.locoxelrojo.com\/independiente\/wp-json\/wp\/v2\/posts"}],"about":[{"href":"https:\/\/www.locoxelrojo.com\/independiente\/wp-json\/wp\/v2\/types\/post"}],"author":[{"embeddable":true,"href":"https:\/\/www.locoxelrojo.com\/independiente\/wp-json\/wp\/v2\/users\/11"}],"replies":[{"embeddable":true,"href":"https:\/\/www.locoxelrojo.com\/independiente\/wp-json\/wp\/v2\/comments?post=31341"}],"version-history":[{"count":0,"href":"https:\/\/www.locoxelrojo.com\/independiente\/wp-json\/wp\/v2\/posts\/31341\/revisions"}],"wp:featuredmedia":[{"embeddable":true,"href":"https:\/\/www.locoxelrojo.com\/independiente\/wp-json\/wp\/v2\/media\/31350"}],"wp:attachment":[{"href":"https:\/\/www.locoxelrojo.com\/independiente\/wp-json\/wp\/v2\/media?parent=31341"}],"wp:term":[{"taxonomy":"category","embeddable":true,"href":"https:\/\/www.locoxelrojo.com\/independiente\/wp-json\/wp\/v2\/categories?post=31341"},{"taxonomy":"post_tag","embeddable":true,"href":"https:\/\/www.locoxelrojo.com\/independiente\/wp-json\/wp\/v2\/tags?post=31341"}],"curies":[{"name":"wp","href":"https:\/\/api.w.org\/{rel}","templated":true}]}}