{"id":31392,"date":"2013-04-26T21:06:35","date_gmt":"2013-04-27T00:06:35","guid":{"rendered":"http:\/\/www.locoxelrojo.com.ar\/independiente\/?p=31392"},"modified":"2013-04-26T21:06:35","modified_gmt":"2013-04-27T00:06:35","slug":"buter-volvi-a-trabajar-pero-todavia-me-falta-para-el-alta","status":"publish","type":"post","link":"https:\/\/www.locoxelrojo.com\/independiente\/2013\/04\/26\/buter-volvi-a-trabajar-pero-todavia-me-falta-para-el-alta\/","title":{"rendered":"Buter: &#8220;Volv\u00ed a trabajar, pero todav\u00eda me falta para el alta&#8221;"},"content":{"rendered":"<p>Leonel Buter se mostr\u00f3 contento esta tarde por volver a hacer trabajos con pelota, pero cont\u00f3 que <strong>todav\u00eda deber\u00e1 esperar para el alta m\u00e9dica por la rotura de ligamentos que sufri\u00f3 en su rodilla el lunes 5 de noviembre ante Lan\u00fas. Por otro lado, confi\u00f3 en que Independiente se salve del descenso.<\/strong><\/p>\n<p><strong>&#8220;Ya volv\u00ed a trabajar con pelota, pero todav\u00eda me falta para el alta.\u00a0Muchos se alegraron por m\u00ed, estoy agradecido. Voy a ser una alternativa m\u00e1s&#8221;<\/strong>, manifest\u00f3 el juvenil delantero en di\u00e1logo con Monarqu\u00eda Roja.<\/p>\n<p>En tanto, fue optimista al ser consultado por la situaci\u00f3n que vive el club en cuanto a los promedios:<strong> &#8220;Yo me veo festejando. El &#8216;Rojo&#8217; puede salir. Hay que pensar en ganar, pensar en positivo&#8221;.<\/strong><\/p>\n<p>Finalmente hizo referencia al cambio de entrenador y entendi\u00f3 que los cambios siempre son positivos. <strong>&#8220;El cambio de aire siempre viene bien. Se fue un gran t\u00e9cnico y vino otro&#8221;<\/strong>, cerr\u00f3.<\/p>\n","protected":false},"excerpt":{"rendered":"<p>Leonel Buter se mostr\u00f3 contento esta tarde por volver a hacer trabajos con pelota, pero cont\u00f3 que todav\u00eda deber\u00e1 esperar para el alta m\u00e9dica por la rotura de ligamentos que sufri\u00f3 en su rodilla el lunes 5 de noviembre ante Lan\u00fas. Por otro lado, confi\u00f3 en que Independiente se salve del descenso. &#8220;Ya volv\u00ed a [&hellip;]<\/p>\n","protected":false},"author":11,"featured_media":31394,"comment_status":"closed","ping_status":"closed","sticky":false,"template":"","format":"standard","meta":{"_links_to":"","_links_to_target":""},"categories":[3,1],"tags":[289],"_links":{"self":[{"href":"https:\/\/www.locoxelrojo.com\/independiente\/wp-json\/wp\/v2\/posts\/31392"}],"collection":[{"href":"https:\/\/www.locoxelrojo.com\/independiente\/wp-json\/wp\/v2\/posts"}],"about":[{"href":"https:\/\/www.locoxelrojo.com\/independiente\/wp-json\/wp\/v2\/types\/post"}],"author":[{"embeddable":true,"href":"https:\/\/www.locoxelrojo.com\/independiente\/wp-json\/wp\/v2\/users\/11"}],"replies":[{"embeddable":true,"href":"https:\/\/www.locoxelrojo.com\/independiente\/wp-json\/wp\/v2\/comments?post=31392"}],"version-history":[{"count":0,"href":"https:\/\/www.locoxelrojo.com\/independiente\/wp-json\/wp\/v2\/posts\/31392\/revisions"}],"wp:featuredmedia":[{"embeddable":true,"href":"https:\/\/www.locoxelrojo.com\/independiente\/wp-json\/wp\/v2\/media\/31394"}],"wp:attachment":[{"href":"https:\/\/www.locoxelrojo.com\/independiente\/wp-json\/wp\/v2\/media?parent=31392"}],"wp:term":[{"taxonomy":"category","embeddable":true,"href":"https:\/\/www.locoxelrojo.com\/independiente\/wp-json\/wp\/v2\/categories?post=31392"},{"taxonomy":"post_tag","embeddable":true,"href":"https:\/\/www.locoxelrojo.com\/independiente\/wp-json\/wp\/v2\/tags?post=31392"}],"curies":[{"name":"wp","href":"https:\/\/api.w.org\/{rel}","templated":true}]}}