{"id":31551,"date":"2013-04-29T16:21:28","date_gmt":"2013-04-29T19:21:28","guid":{"rendered":"http:\/\/www.locoxelrojo.com.ar\/independiente\/?p=31551"},"modified":"2015-10-07T19:11:49","modified_gmt":"2015-10-07T22:11:49","slug":"godoy-en-junio-me-veo-con-independiente-en-primera","status":"publish","type":"post","link":"https:\/\/www.locoxelrojo.com\/independiente\/2013\/04\/29\/godoy-en-junio-me-veo-con-independiente-en-primera\/","title":{"rendered":"Godoy: &#8220;En junio me veo con Independiente en Primera&#8221;"},"content":{"rendered":"<p>Fernando Godoy fue optimista esta tarde en cuanto al futuro y<strong> asegur\u00f3 que se imagina en junio con Independiente en primera divisi\u00f3n. Por otro lado, se refiri\u00f3 a su rendimiento en la victoria ante Argentinos y a la sociedad con Fabi\u00e1n Vargas.<\/strong><\/p>\n<p><strong>&#8220;Cada partido que me toca jugar, trato de ir mejorando para aportarle m\u00e1s al equipo.\u00a0Brindisi me dio confianza y trat\u00e9 de aprovecharla, siempre entreno para tener mi oportunidad&#8221;<\/strong>, manifest\u00f3 el volante en declaraciones a Paladar Rojo por AM 570.<\/p>\n<p>Luego, en cuanto al tr\u00e1mite del encuentro ante el &#8220;Bicho&#8221; y su entendimiento con Vargas, expres\u00f3: <strong>&#8220;Cuando nos empataron sab\u00edamos que faltaba mucho. Est\u00e1bamos bien y sab\u00edamos que pod\u00edamos ganarlo si segu\u00edamos as\u00ed.\u00a0Con Vargas nos hemos complementado bien, cuando \u00e9l iba, yo me quedaba, y al rev\u00e9s tambi\u00e9n&#8221;.<\/strong><\/p>\n<p>Respecto de la lucha para no descender, entendi\u00f3 que el \u00fanico rival de Independiente es el mismo Independiente y fue optimista de cara al futuro. <strong>&#8220;El principal rival somos nosotros mismos. En junio me veo con Independiente en primera&#8221;<\/strong>, sentenci\u00f3.<\/p>\n<p>Por \u00faltimo hizo referencia a su contrato que finaliza en junio de este a\u00f1o.<strong> &#8220;Tengo contrato hasta junio de este a\u00f1o, en diciembre quedamos en hablar, pero a\u00fan no lo hemos hecho&#8221;<\/strong>, cerr\u00f3.<\/p>\n","protected":false},"excerpt":{"rendered":"<p>Fernando Godoy fue optimista esta tarde en cuanto al futuro y asegur\u00f3 que se imagina en junio con Independiente en primera divisi\u00f3n. Por otro lado, se refiri\u00f3 a su rendimiento en la victoria ante Argentinos y a la sociedad con Fabi\u00e1n Vargas. &#8220;Cada partido que me toca jugar, trato de ir mejorando para aportarle m\u00e1s [&hellip;]<\/p>\n","protected":false},"author":11,"featured_media":31553,"comment_status":"closed","ping_status":"closed","sticky":false,"template":"","format":"standard","meta":{"_links_to":"","_links_to_target":""},"categories":[3,1],"tags":[29],"_links":{"self":[{"href":"https:\/\/www.locoxelrojo.com\/independiente\/wp-json\/wp\/v2\/posts\/31551"}],"collection":[{"href":"https:\/\/www.locoxelrojo.com\/independiente\/wp-json\/wp\/v2\/posts"}],"about":[{"href":"https:\/\/www.locoxelrojo.com\/independiente\/wp-json\/wp\/v2\/types\/post"}],"author":[{"embeddable":true,"href":"https:\/\/www.locoxelrojo.com\/independiente\/wp-json\/wp\/v2\/users\/11"}],"replies":[{"embeddable":true,"href":"https:\/\/www.locoxelrojo.com\/independiente\/wp-json\/wp\/v2\/comments?post=31551"}],"version-history":[{"count":0,"href":"https:\/\/www.locoxelrojo.com\/independiente\/wp-json\/wp\/v2\/posts\/31551\/revisions"}],"wp:featuredmedia":[{"embeddable":true,"href":"https:\/\/www.locoxelrojo.com\/independiente\/wp-json\/wp\/v2\/media\/31553"}],"wp:attachment":[{"href":"https:\/\/www.locoxelrojo.com\/independiente\/wp-json\/wp\/v2\/media?parent=31551"}],"wp:term":[{"taxonomy":"category","embeddable":true,"href":"https:\/\/www.locoxelrojo.com\/independiente\/wp-json\/wp\/v2\/categories?post=31551"},{"taxonomy":"post_tag","embeddable":true,"href":"https:\/\/www.locoxelrojo.com\/independiente\/wp-json\/wp\/v2\/tags?post=31551"}],"curies":[{"name":"wp","href":"https:\/\/api.w.org\/{rel}","templated":true}]}}