{"id":31670,"date":"2013-05-03T15:35:50","date_gmt":"2013-05-03T18:35:50","guid":{"rendered":"http:\/\/www.locoxelrojo.com.ar\/independiente\/?p=31670"},"modified":"2015-10-07T19:16:18","modified_gmt":"2015-10-07T22:16:18","slug":"concentrados-vs-tigre-tula-adentro","status":"publish","type":"post","link":"https:\/\/www.locoxelrojo.com\/independiente\/2013\/05\/03\/concentrados-vs-tigre-tula-adentro\/","title":{"rendered":"Concentrados vs. Tigre: Tula adentro"},"content":{"rendered":"<p>Miguel Brindisi dio a conocer esta ma\u00f1ana la lista de 20 concentrados ante Tigre. <strong>La novedad pasa por la presencia de Cristian Tula, que hab\u00eda viajado ayer por la tarde a Chubut por un problema familiar.<\/strong><\/p>\n<p>El \u00fanico cambio en cuanto a la lista del partido contra Argentinos<strong> es la vuelta de Federico Mancuello<\/strong>, que cumpli\u00f3 la fecha de suspensi\u00f3n, <strong>por el juvenil Gonzalo Contrera. Antes del encuentro del domingo, el entrenador deber\u00e1 a dejar a dos jugadores afuera del banco de suplentes.<\/strong><\/p>\n<p><strong>La lista:<\/strong><\/p>\n<p><strong>Arqueros:\u00a0<\/strong>Diego Rodr\u00edguez e Hilario Navarro.<\/p>\n<p><strong>Defensores:\u00a0<\/strong>Juli\u00e1n Vel\u00e1zquez, Cristian Tula, Claudio Morel Rodr\u00edguez, Federico Mancuello, Leonel Galeano y Eduardo Tuzzio.<\/p>\n<p><strong>Mediocampistas:\u00a0<\/strong>Fernando Godoy, Fabi\u00e1n Vargas, Hern\u00e1n Fredes, Daniel Montenegro, Leonel Miranda, Osmar Ferreyra, Jonathan Santana y V\u00edctor Zapata.<\/p>\n<p><strong>Delanteros:\u00a0<\/strong>Adri\u00e1n Fern\u00e1ndez, Juan Caicedo, Ernesto Far\u00edas y Luciano Leguizam\u00f3n.<\/p>\n","protected":false},"excerpt":{"rendered":"<p>Miguel Brindisi dio a conocer esta ma\u00f1ana la lista de 20 concentrados ante Tigre. La novedad pasa por la presencia de Cristian Tula, que hab\u00eda viajado ayer por la tarde a Chubut por un problema familiar. El \u00fanico cambio en cuanto a la lista del partido contra Argentinos es la vuelta de Federico Mancuello, que [&hellip;]<\/p>\n","protected":false},"author":11,"featured_media":31672,"comment_status":"closed","ping_status":"closed","sticky":false,"template":"","format":"standard","meta":{"_links_to":"","_links_to_target":""},"categories":[3,1],"tags":[153,3029,3062],"_links":{"self":[{"href":"https:\/\/www.locoxelrojo.com\/independiente\/wp-json\/wp\/v2\/posts\/31670"}],"collection":[{"href":"https:\/\/www.locoxelrojo.com\/independiente\/wp-json\/wp\/v2\/posts"}],"about":[{"href":"https:\/\/www.locoxelrojo.com\/independiente\/wp-json\/wp\/v2\/types\/post"}],"author":[{"embeddable":true,"href":"https:\/\/www.locoxelrojo.com\/independiente\/wp-json\/wp\/v2\/users\/11"}],"replies":[{"embeddable":true,"href":"https:\/\/www.locoxelrojo.com\/independiente\/wp-json\/wp\/v2\/comments?post=31670"}],"version-history":[{"count":0,"href":"https:\/\/www.locoxelrojo.com\/independiente\/wp-json\/wp\/v2\/posts\/31670\/revisions"}],"wp:featuredmedia":[{"embeddable":true,"href":"https:\/\/www.locoxelrojo.com\/independiente\/wp-json\/wp\/v2\/media\/31672"}],"wp:attachment":[{"href":"https:\/\/www.locoxelrojo.com\/independiente\/wp-json\/wp\/v2\/media?parent=31670"}],"wp:term":[{"taxonomy":"category","embeddable":true,"href":"https:\/\/www.locoxelrojo.com\/independiente\/wp-json\/wp\/v2\/categories?post=31670"},{"taxonomy":"post_tag","embeddable":true,"href":"https:\/\/www.locoxelrojo.com\/independiente\/wp-json\/wp\/v2\/tags?post=31670"}],"curies":[{"name":"wp","href":"https:\/\/api.w.org\/{rel}","templated":true}]}}