{"id":32007,"date":"2013-05-10T14:27:25","date_gmt":"2013-05-10T17:27:25","guid":{"rendered":"http:\/\/www.locoxelrojo.com.ar\/independiente\/?p=32007"},"modified":"2013-05-10T14:27:25","modified_gmt":"2013-05-10T17:27:25","slug":"trabajos-tacticos-con-el-equipo-casi-definido","status":"publish","type":"post","link":"https:\/\/www.locoxelrojo.com\/independiente\/2013\/05\/10\/trabajos-tacticos-con-el-equipo-casi-definido\/","title":{"rendered":"Trabajos t\u00e1cticos con el equipo casi definido"},"content":{"rendered":"<p>El plantel de Independiente volvi\u00f3 a entrenarse esta ma\u00f1ana en el predio de AFA en Ezeiza y<strong> los jugadores de Independiente realizaron trabajos t\u00e1cticos. Miguel Brindisi ya tiene el equipo casi definido y espera por Fabi\u00e1n Vargas.<\/strong><\/p>\n<p>Quedan dos d\u00edas para el duelo ante Lan\u00fas y el entrenador sabe que ser\u00e1 clave conseguir los tres puntos en condici\u00f3n de visitante. Por eso, <strong>esta ma\u00f1ana los integrantes del plantel realizaron trabajos t\u00e1cticos.<\/strong> Respecto de los 11 que estar\u00e1n el domingo desde el arranque, el entrenador s\u00f3lo tiene la duda en el puesto de volante central. <strong>Si no llega Vargas, Jonathan Santana y Hern\u00e1n Fredes son los candidatos.<\/strong><\/p>\n<p>De esta forma, los 11 del domingo ser\u00edan: <strong>Diego Rodr\u00edguez; Gabriel Vall\u00e9s, Cristian Tula, Leonel Galeano, Claudio Morel Rodr\u00edguez; Fernando Godoy, Fabi\u00e1n Vargas\/Jonathan Santana\/Hern\u00e1n Fredes, Federico Mancuello; Daniel Montenegro; Juan Caicedo y Adri\u00e1n Fern\u00e1ndez.<\/strong><\/p>\n<p>El plantel de Independiente tendr\u00e1 su \u00faltima pr\u00e1ctica ma\u00f1ana por la tarde y<strong> luego quedar\u00e1 concentrado de cara al choque del domingo a las 14:10h en el estadio N\u00e9stor D\u00edaz P\u00e9rez.<\/strong><\/p>\n","protected":false},"excerpt":{"rendered":"<p>El plantel de Independiente volvi\u00f3 a entrenarse esta ma\u00f1ana en el predio de AFA en Ezeiza y los jugadores de Independiente realizaron trabajos t\u00e1cticos. Miguel Brindisi ya tiene el equipo casi definido y espera por Fabi\u00e1n Vargas. Quedan dos d\u00edas para el duelo ante Lan\u00fas y el entrenador sabe que ser\u00e1 clave conseguir los tres [&hellip;]<\/p>\n","protected":false},"author":11,"featured_media":32010,"comment_status":"closed","ping_status":"closed","sticky":false,"template":"","format":"standard","meta":{"_links_to":"","_links_to_target":""},"categories":[3,1],"tags":[218,967,1560,40,71,1568],"_links":{"self":[{"href":"https:\/\/www.locoxelrojo.com\/independiente\/wp-json\/wp\/v2\/posts\/32007"}],"collection":[{"href":"https:\/\/www.locoxelrojo.com\/independiente\/wp-json\/wp\/v2\/posts"}],"about":[{"href":"https:\/\/www.locoxelrojo.com\/independiente\/wp-json\/wp\/v2\/types\/post"}],"author":[{"embeddable":true,"href":"https:\/\/www.locoxelrojo.com\/independiente\/wp-json\/wp\/v2\/users\/11"}],"replies":[{"embeddable":true,"href":"https:\/\/www.locoxelrojo.com\/independiente\/wp-json\/wp\/v2\/comments?post=32007"}],"version-history":[{"count":0,"href":"https:\/\/www.locoxelrojo.com\/independiente\/wp-json\/wp\/v2\/posts\/32007\/revisions"}],"wp:featuredmedia":[{"embeddable":true,"href":"https:\/\/www.locoxelrojo.com\/independiente\/wp-json\/wp\/v2\/media\/32010"}],"wp:attachment":[{"href":"https:\/\/www.locoxelrojo.com\/independiente\/wp-json\/wp\/v2\/media?parent=32007"}],"wp:term":[{"taxonomy":"category","embeddable":true,"href":"https:\/\/www.locoxelrojo.com\/independiente\/wp-json\/wp\/v2\/categories?post=32007"},{"taxonomy":"post_tag","embeddable":true,"href":"https:\/\/www.locoxelrojo.com\/independiente\/wp-json\/wp\/v2\/tags?post=32007"}],"curies":[{"name":"wp","href":"https:\/\/api.w.org\/{rel}","templated":true}]}}