{"id":32012,"date":"2013-05-10T14:43:10","date_gmt":"2013-05-10T17:43:10","guid":{"rendered":"http:\/\/www.locoxelrojo.com.ar\/independiente\/?p=32012"},"modified":"2013-05-10T14:43:10","modified_gmt":"2013-05-10T17:43:10","slug":"brindisi-vamos-a-tener-la-misma-intencion-contra-el-puntero","status":"publish","type":"post","link":"https:\/\/www.locoxelrojo.com\/independiente\/2013\/05\/10\/brindisi-vamos-a-tener-la-misma-intencion-contra-el-puntero\/","title":{"rendered":"Brindisi: &#8220;Vamos a tener la misma intenci\u00f3n contra el puntero&#8221;"},"content":{"rendered":"<p>Miguel Brindisi asegur\u00f3 este mediod\u00eda <strong>que Independiente seguir\u00e1 con la misma idea que present\u00f3 ante Argentinos y Tigre cuando visite a Lan\u00fas. &#8220;Vamos a tener la misma intenci\u00f3n contra el puntero&#8221;<\/strong>, sostuvo. Por otro lado, <strong>cont\u00f3 que esperar\u00e1 a Fabi\u00e1n Vargas hasta \u00faltimo momento y asever\u00f3 que Gabriel Vall\u00e9s ocupar\u00e1 el lateral derecho.<\/strong><\/p>\n<p><strong>&#8220;Nosotros vamos a tener la misma intenci\u00f3n. Vamos al estadio del puntero del momento, que indiscutiblemente es uno de los tres mejores equipos del torneo.\u00a0Tengo un reconocimiento hacia ese club.\u00a0Veo como trabajan, me alegra que tengan un director t\u00e9cnico de la jerarqu\u00eda de Guillermo Barros Schelotto&#8221;,\u00a0<\/strong>expres\u00f3 en conferencia de prensa.<\/p>\n<p>En cuanto al resultado que espera, Brindisi solt\u00f3 que a priori, los empates no le sirven a nadie. <strong>&#8220;Lo de los empates en la previa no le sirve a nadie. Pero despu\u00e9s, si llega a empatarse hay que ver como se dio. Si empat\u00e1s en el tiempo extra, es bueno. Si es al rev\u00e9s es muy malo. Por intenciones, creo que va a ser muy abierto&#8221;,\u00a0<\/strong>remarc\u00f3.<\/p>\n<p>En tanto, admiti\u00f3 que su mayor preocupaci\u00f3n pasa por Fabi\u00e1n Vargas y que lo esperar\u00e1 hasta \u00faltimo momento. <strong>&#8220;Ah\u00ed anda todav\u00eda con alg\u00fan dolor, pero tambi\u00e9n est\u00e1 haciendo todo el esfuerzo con los doctores para ver si puede estar.\u00a0<strong>Si no llega Vargas, tanto Santana como Fredes tienen posibilidades.\u00a0Eso lo decidir\u00e9 a \u00faltimo momento&#8221;,<\/strong><\/strong>\u00a0anticip\u00f3.<\/p>\n<p>Finalmente hizo referencia al puesto de lateral derecho, que toda la semana estuvo en duda a causa de la lesi\u00f3n de Juli\u00e1n Vel\u00e1zquez. <strong>&#8220;Es muy probable que juegue Vall\u00e9s. Estuve viendo tambi\u00e9n a C\u00e1ceres y a Contrera, pero Vall\u00e9s es el que mejor conoce el puesto. No ten\u00eda dudas que pod\u00eda ser \u00e9l.\u00a0Est\u00e1 perfecto f\u00edsicamente, es muy probable que juegue&#8221;,\u00a0<\/strong>cerr\u00f3.<\/p>\n<p>&nbsp;<\/p>\n","protected":false},"excerpt":{"rendered":"<p>Miguel Brindisi asegur\u00f3 este mediod\u00eda que Independiente seguir\u00e1 con la misma idea que present\u00f3 ante Argentinos y Tigre cuando visite a Lan\u00fas. &#8220;Vamos a tener la misma intenci\u00f3n contra el puntero&#8221;, sostuvo. Por otro lado, cont\u00f3 que esperar\u00e1 a Fabi\u00e1n Vargas hasta \u00faltimo momento y asever\u00f3 que Gabriel Vall\u00e9s ocupar\u00e1 el lateral derecho. &#8220;Nosotros vamos [&hellip;]<\/p>\n","protected":false},"author":11,"featured_media":32015,"comment_status":"closed","ping_status":"closed","sticky":false,"template":"","format":"standard","meta":{"_links_to":"","_links_to_target":""},"categories":[3,1],"tags":[485],"_links":{"self":[{"href":"https:\/\/www.locoxelrojo.com\/independiente\/wp-json\/wp\/v2\/posts\/32012"}],"collection":[{"href":"https:\/\/www.locoxelrojo.com\/independiente\/wp-json\/wp\/v2\/posts"}],"about":[{"href":"https:\/\/www.locoxelrojo.com\/independiente\/wp-json\/wp\/v2\/types\/post"}],"author":[{"embeddable":true,"href":"https:\/\/www.locoxelrojo.com\/independiente\/wp-json\/wp\/v2\/users\/11"}],"replies":[{"embeddable":true,"href":"https:\/\/www.locoxelrojo.com\/independiente\/wp-json\/wp\/v2\/comments?post=32012"}],"version-history":[{"count":0,"href":"https:\/\/www.locoxelrojo.com\/independiente\/wp-json\/wp\/v2\/posts\/32012\/revisions"}],"wp:featuredmedia":[{"embeddable":true,"href":"https:\/\/www.locoxelrojo.com\/independiente\/wp-json\/wp\/v2\/media\/32015"}],"wp:attachment":[{"href":"https:\/\/www.locoxelrojo.com\/independiente\/wp-json\/wp\/v2\/media?parent=32012"}],"wp:term":[{"taxonomy":"category","embeddable":true,"href":"https:\/\/www.locoxelrojo.com\/independiente\/wp-json\/wp\/v2\/categories?post=32012"},{"taxonomy":"post_tag","embeddable":true,"href":"https:\/\/www.locoxelrojo.com\/independiente\/wp-json\/wp\/v2\/tags?post=32012"}],"curies":[{"name":"wp","href":"https:\/\/api.w.org\/{rel}","templated":true}]}}