{"id":32097,"date":"2013-05-13T19:10:25","date_gmt":"2013-05-13T22:10:25","guid":{"rendered":"http:\/\/www.locoxelrojo.com.ar\/independiente\/?p=32097"},"modified":"2013-05-13T19:10:25","modified_gmt":"2013-05-13T22:10:25","slug":"valles-para-mi-nos-salvamos","status":"publish","type":"post","link":"https:\/\/www.locoxelrojo.com\/independiente\/2013\/05\/13\/valles-para-mi-nos-salvamos\/","title":{"rendered":"Vall\u00e9s: &#8220;Para m\u00ed, nos salvamos&#8221;"},"content":{"rendered":"<p>Gabriel Vall\u00e9s no dud\u00f3 esta tarde en vaticinar lo que pasar\u00e1 con Independiente en junio. <strong>&#8220;Para m\u00ed, nos salvamos&#8221;<\/strong>, sostuvo. Por otro lado, <strong>hizo referencia al empate ante Lan\u00fas y cont\u00f3 que hasta hace una semana pensaba que no iba a jugar m\u00e1s en Independiente.<\/strong><\/p>\n<p><strong>&#8220;Para m\u00ed, nos salvamos. No hay forma de que este equipo pierda la categor\u00eda.\u00a0Despu\u00e9s de que dejemos al equipo en primera, hay que ver la situaciones personales&#8221;<\/strong>, asegur\u00f3 el defensor en declaraciones a Infierno Rojo Radio.<\/p>\n<p>En relaci\u00f3n al empate en cero entre el &#8220;Rojo&#8221; y Lan\u00fas, Vall\u00e9s remarc\u00f3: <strong>&#8220;La idea era presionar y que Lan\u00fas no saliera prolijo desde el fondo. Y cuando tuvi\u00e9ramos la pelota, tratar de lastimar. Yo me sent\u00ed bastante bien. Siempre hay cosas para corregir&#8221;.<\/strong><\/p>\n<p>Cuando fue consultado por el tiempo que estuvo &#8220;borrado&#8221; del plantel, el lateral derecho admiti\u00f3 que por momentos crey\u00f3 que no jugar\u00eda m\u00e1s con la camiseta de Independiente.<strong> &#8220;Un poco cre\u00ed que no iba a jugar m\u00e1s con la camiseta de Independiente. Aunque la esperanza nunca la perd\u00ed.\u00a0Yo soy de los que creo que hay que entrenar de la misma manera juegues o no juegues.\u00a0Estamos en una situaci\u00f3n complicada. Hay que dejar de lado muchas cosas que en otro momento tal vez no las dej\u00e1s&#8221;<\/strong>, asever\u00f3.<\/p>\n<p>Por \u00faltimo, opin\u00f3 del partido que se viene ante San Mart\u00edn de San Juan. <strong>&#8220;Se juegan lo mismo que nosotros. Tenemos que arpovechar la local\u00eda&#8221;<\/strong>, cerr\u00f3.<\/p>\n<p>&nbsp;<\/p>\n","protected":false},"excerpt":{"rendered":"<p>Gabriel Vall\u00e9s no dud\u00f3 esta tarde en vaticinar lo que pasar\u00e1 con Independiente en junio. &#8220;Para m\u00ed, nos salvamos&#8221;, sostuvo. Por otro lado, hizo referencia al empate ante Lan\u00fas y cont\u00f3 que hasta hace una semana pensaba que no iba a jugar m\u00e1s en Independiente. &#8220;Para m\u00ed, nos salvamos. No hay forma de que este [&hellip;]<\/p>\n","protected":false},"author":11,"featured_media":32120,"comment_status":"closed","ping_status":"closed","sticky":false,"template":"","format":"standard","meta":{"_links_to":"","_links_to_target":""},"categories":[3,1],"tags":[40],"_links":{"self":[{"href":"https:\/\/www.locoxelrojo.com\/independiente\/wp-json\/wp\/v2\/posts\/32097"}],"collection":[{"href":"https:\/\/www.locoxelrojo.com\/independiente\/wp-json\/wp\/v2\/posts"}],"about":[{"href":"https:\/\/www.locoxelrojo.com\/independiente\/wp-json\/wp\/v2\/types\/post"}],"author":[{"embeddable":true,"href":"https:\/\/www.locoxelrojo.com\/independiente\/wp-json\/wp\/v2\/users\/11"}],"replies":[{"embeddable":true,"href":"https:\/\/www.locoxelrojo.com\/independiente\/wp-json\/wp\/v2\/comments?post=32097"}],"version-history":[{"count":0,"href":"https:\/\/www.locoxelrojo.com\/independiente\/wp-json\/wp\/v2\/posts\/32097\/revisions"}],"wp:featuredmedia":[{"embeddable":true,"href":"https:\/\/www.locoxelrojo.com\/independiente\/wp-json\/wp\/v2\/media\/32120"}],"wp:attachment":[{"href":"https:\/\/www.locoxelrojo.com\/independiente\/wp-json\/wp\/v2\/media?parent=32097"}],"wp:term":[{"taxonomy":"category","embeddable":true,"href":"https:\/\/www.locoxelrojo.com\/independiente\/wp-json\/wp\/v2\/categories?post=32097"},{"taxonomy":"post_tag","embeddable":true,"href":"https:\/\/www.locoxelrojo.com\/independiente\/wp-json\/wp\/v2\/tags?post=32097"}],"curies":[{"name":"wp","href":"https:\/\/api.w.org\/{rel}","templated":true}]}}