{"id":32488,"date":"2013-05-22T22:53:36","date_gmt":"2013-05-23T01:53:36","guid":{"rendered":"http:\/\/www.locoxelrojo.com.ar\/independiente\/?p=32488"},"modified":"2013-05-23T00:37:26","modified_gmt":"2013-05-23T03:37:26","slug":"cantero-estoy-feliz-por-los-chicos","status":"publish","type":"post","link":"https:\/\/www.locoxelrojo.com\/independiente\/2013\/05\/22\/cantero-estoy-feliz-por-los-chicos\/","title":{"rendered":"Cantero: &#8220;Estoy feliz por los chicos&#8221;"},"content":{"rendered":"<p>Javier Cantero <strong>se mostr\u00f3 contento esta noche por el pase a octavos de final de la Copa Argentina por parte de los juveniles de Independiente ante Boca Unidos. Por otro lado, se refiri\u00f3 al encuentro que se viene ante Belgrano y desliz\u00f3 que no se enter\u00f3 de lo acontencido en Argentinos Juniors.<\/strong><\/p>\n<p><strong>&#8220;Estoy feliz por los chicos, respondieron muy bien. Es nuestro capital y estamos felices por ellos. Es un gran trabajo de Mag\u00e1n y de Miguel (Brindisi) que les dio confianza. Los triunfos generan que se juegue mejor&#8221;<\/strong>, expres\u00f3 el Presidente en di\u00e1logo con La Red.<\/p>\n<p>Luego, opin\u00f3 del choque clave que tendr\u00e1 el &#8220;Rojo&#8221; el pr\u00f3ximo domingo ante el &#8220;Pirata&#8221;: <strong>&#8220;Con Belgrano es dif\u00edcil, pero todos son dif\u00edciles. La lucha por la permanencia es un v\u00eda crucis al que todav\u00eda le faltan cinco paradas. Esperemos que salga todo bien&#8221;.<\/strong><\/p>\n<p>Finalmente manifest\u00f3 que no est\u00e1 al tanto de los problemas que ocurrieron en el &#8220;Bicho&#8221; con Ricardo Caruso Lombardi y algunos referentes. <strong>&#8220;Estuve reunido todo el d\u00eda, no me enter\u00e9&#8221;<\/strong>, cerr\u00f3.<\/p>\n","protected":false},"excerpt":{"rendered":"<p>Javier Cantero se mostr\u00f3 contento esta noche por el pase a octavos de final de la Copa Argentina por parte de los juveniles de Independiente ante Boca Unidos. Por otro lado, se refiri\u00f3 al encuentro que se viene ante Belgrano y desliz\u00f3 que no se enter\u00f3 de lo acontencido en Argentinos Juniors. &#8220;Estoy feliz por [&hellip;]<\/p>\n","protected":false},"author":11,"featured_media":32506,"comment_status":"closed","ping_status":"closed","sticky":false,"template":"","format":"standard","meta":{"_links_to":"","_links_to_target":""},"categories":[800,3,1],"tags":[1817,153,2057,723],"_links":{"self":[{"href":"https:\/\/www.locoxelrojo.com\/independiente\/wp-json\/wp\/v2\/posts\/32488"}],"collection":[{"href":"https:\/\/www.locoxelrojo.com\/independiente\/wp-json\/wp\/v2\/posts"}],"about":[{"href":"https:\/\/www.locoxelrojo.com\/independiente\/wp-json\/wp\/v2\/types\/post"}],"author":[{"embeddable":true,"href":"https:\/\/www.locoxelrojo.com\/independiente\/wp-json\/wp\/v2\/users\/11"}],"replies":[{"embeddable":true,"href":"https:\/\/www.locoxelrojo.com\/independiente\/wp-json\/wp\/v2\/comments?post=32488"}],"version-history":[{"count":0,"href":"https:\/\/www.locoxelrojo.com\/independiente\/wp-json\/wp\/v2\/posts\/32488\/revisions"}],"wp:featuredmedia":[{"embeddable":true,"href":"https:\/\/www.locoxelrojo.com\/independiente\/wp-json\/wp\/v2\/media\/32506"}],"wp:attachment":[{"href":"https:\/\/www.locoxelrojo.com\/independiente\/wp-json\/wp\/v2\/media?parent=32488"}],"wp:term":[{"taxonomy":"category","embeddable":true,"href":"https:\/\/www.locoxelrojo.com\/independiente\/wp-json\/wp\/v2\/categories?post=32488"},{"taxonomy":"post_tag","embeddable":true,"href":"https:\/\/www.locoxelrojo.com\/independiente\/wp-json\/wp\/v2\/tags?post=32488"}],"curies":[{"name":"wp","href":"https:\/\/api.w.org\/{rel}","templated":true}]}}