{"id":32496,"date":"2013-05-22T22:50:23","date_gmt":"2013-05-23T01:50:23","guid":{"rendered":"http:\/\/www.locoxelrojo.com.ar\/independiente\/?p=32496"},"modified":"2014-01-19T18:03:06","modified_gmt":"2014-01-19T21:03:06","slug":"brindisi-logramos-remontarlo-pero-tenemos-que-ser-medidos","status":"publish","type":"post","link":"https:\/\/www.locoxelrojo.com\/independiente\/2013\/05\/22\/brindisi-logramos-remontarlo-pero-tenemos-que-ser-medidos\/","title":{"rendered":"Brindisi: \u201cLogramos remontarlo, pero tenemos que ser medidos\u201d"},"content":{"rendered":"<p><strong>Despu\u00e9s de lograr el pase a los octavos de final de la Copa Argentina, Miguel Brindisi fue prudente al opinar sobre el futuro de Independiente, pero no se guard\u00f3 los elogios para sus dirigidos. Adem\u00e1s, destac\u00f3 la gran actuaci\u00f3n de Fabi\u00e1n Assmann, quien ataj\u00f3 dos penales en la definici\u00f3n final.<\/strong><\/p>\n<p><strong>\u201cEn el primer tiempo, Boca Unidos fue superior y pudo plasmarlo en el resultado. Logramos remontarlo, pero tenemos que ser medidos\u201d<\/strong>, sostuvo el entrenador en conferencia de prensa, y agreg\u00f3 que <strong>\u201clos chicos festejaron pero ya piensan en el Torneo Final\u201d<\/strong>.<\/p>\n<p>Sobre el rendimiento de Assmann en el arco, Brindisi fue claro: <strong>\u201cMe alegr\u00f3 lo que hizo porque me hab\u00eda dicho que iba a atajar dos penales. Le va a servir mucho para la confianza\u201d<\/strong>.<\/p>\n<p>Por otro lado, el t\u00e9cnico cont\u00f3 que Eduardo Tuzzio debi\u00f3 salir porque <strong>\u201ctuvo una peque\u00f1a contractura\u201d<\/strong>, y aprovech\u00f3 para felicitar a su joven reemplazante: <strong>\u201cPor suerte Alexis<\/strong> (Z\u00e1rate) <strong>entr\u00f3 e impuso personalidad\u201d<\/strong>.<\/p>\n","protected":false},"excerpt":{"rendered":"<p>Despu\u00e9s de lograr el pase a los octavos de final de la Copa Argentina, Miguel Brindisi fue prudente al opinar sobre el futuro de Independiente, pero no se guard\u00f3 los elogios para sus dirigidos. Adem\u00e1s, destac\u00f3 la gran actuaci\u00f3n de Fabi\u00e1n Assmann, quien ataj\u00f3 dos penales en la definici\u00f3n final. \u201cEn el primer tiempo, Boca [&hellip;]<\/p>\n","protected":false},"author":8,"featured_media":32514,"comment_status":"closed","ping_status":"closed","sticky":false,"template":"","format":"standard","meta":{"_links_to":"","_links_to_target":""},"categories":[800,3,1],"tags":[1817,153,2057,78,485],"_links":{"self":[{"href":"https:\/\/www.locoxelrojo.com\/independiente\/wp-json\/wp\/v2\/posts\/32496"}],"collection":[{"href":"https:\/\/www.locoxelrojo.com\/independiente\/wp-json\/wp\/v2\/posts"}],"about":[{"href":"https:\/\/www.locoxelrojo.com\/independiente\/wp-json\/wp\/v2\/types\/post"}],"author":[{"embeddable":true,"href":"https:\/\/www.locoxelrojo.com\/independiente\/wp-json\/wp\/v2\/users\/8"}],"replies":[{"embeddable":true,"href":"https:\/\/www.locoxelrojo.com\/independiente\/wp-json\/wp\/v2\/comments?post=32496"}],"version-history":[{"count":0,"href":"https:\/\/www.locoxelrojo.com\/independiente\/wp-json\/wp\/v2\/posts\/32496\/revisions"}],"wp:featuredmedia":[{"embeddable":true,"href":"https:\/\/www.locoxelrojo.com\/independiente\/wp-json\/wp\/v2\/media\/32514"}],"wp:attachment":[{"href":"https:\/\/www.locoxelrojo.com\/independiente\/wp-json\/wp\/v2\/media?parent=32496"}],"wp:term":[{"taxonomy":"category","embeddable":true,"href":"https:\/\/www.locoxelrojo.com\/independiente\/wp-json\/wp\/v2\/categories?post=32496"},{"taxonomy":"post_tag","embeddable":true,"href":"https:\/\/www.locoxelrojo.com\/independiente\/wp-json\/wp\/v2\/tags?post=32496"}],"curies":[{"name":"wp","href":"https:\/\/api.w.org\/{rel}","templated":true}]}}