{"id":32571,"date":"2013-05-24T13:19:40","date_gmt":"2013-05-24T16:19:40","guid":{"rendered":"http:\/\/www.locoxelrojo.com.ar\/independiente\/?p=32571"},"modified":"2015-10-07T20:59:23","modified_gmt":"2015-10-07T23:59:23","slug":"concentrados-vs-belgrano-2","status":"publish","type":"post","link":"https:\/\/www.locoxelrojo.com\/independiente\/2013\/05\/24\/concentrados-vs-belgrano-2\/","title":{"rendered":"Concentrados vs. Belgrano"},"content":{"rendered":"<p>Miguel Brindisi present\u00f3 este mediod\u00eda la lista de los 22 concentrados que viajar\u00e1n a C\u00f3rdoba para enfrentar a Belgrano el domingo a las 14h. <strong>Se destacan las apariciones de Fabi\u00e1n Assmann, Sergio Ojeda y Agust\u00edn Eloy Rodr\u00edguez.<\/strong><\/p>\n<p>Los buenos rendimientos de los juveniles obligan a Brindisi a tenerlos en cuenta. Por eso est\u00e1n presentes<strong> Ojeda, Eloy Rodr\u00edguez, Lucas Villalba y Francisco Pizzini<\/strong>, por citar ejemplos. De todas formas, <strong>el entrenador deber\u00e1 a dejar a cuatro jugadores afuera del banco antes del choque ante el &#8220;Pirata&#8221;.<\/strong><\/p>\n<p><span style=\"text-decoration: underline;\"><strong>La lista<\/strong><\/span><\/p>\n<p><strong>Arqueros<\/strong>: Diego Rodr\u00edguez y Fabi\u00e1n Assmann.<\/p>\n<p><strong>Defensores:\u00a0<\/strong>Gabriel Vall\u00e9s, Cristian Tula, Claudio Morel Rodr\u00edguez, Lucas Villalba, Sergio Ojeda y Leonel Galeano.<\/p>\n<p><strong>Mediocampistas:\u00a0<\/strong>Fernando Godoy, Fabi\u00e1n Vargas, Federico Mancuello, Hern\u00e1n Fredes, Leonel Miranda, V\u00edctor Zapata, Osmar Ferreyra, Daniel Montenegro y Fabi\u00e1n Monserrat.<\/p>\n<p><strong>Delanteros:\u00a0<\/strong>Adri\u00e1n Fern\u00e1ndez, Juan Caicedo, Ernesto Far\u00edas, Francisco Pizzini y Agust\u00edn Eloy Rodr\u00edguez.<\/p>\n","protected":false},"excerpt":{"rendered":"<p>Miguel Brindisi present\u00f3 este mediod\u00eda la lista de los 22 concentrados que viajar\u00e1n a C\u00f3rdoba para enfrentar a Belgrano el domingo a las 14h. Se destacan las apariciones de Fabi\u00e1n Assmann, Sergio Ojeda y Agust\u00edn Eloy Rodr\u00edguez. Los buenos rendimientos de los juveniles obligan a Brindisi a tenerlos en cuenta. Por eso est\u00e1n presentes Ojeda, [&hellip;]<\/p>\n","protected":false},"author":11,"featured_media":32573,"comment_status":"closed","ping_status":"closed","sticky":false,"template":"","format":"standard","meta":{"_links_to":"","_links_to_target":""},"categories":[3,1],"tags":[153,3054,3062],"_links":{"self":[{"href":"https:\/\/www.locoxelrojo.com\/independiente\/wp-json\/wp\/v2\/posts\/32571"}],"collection":[{"href":"https:\/\/www.locoxelrojo.com\/independiente\/wp-json\/wp\/v2\/posts"}],"about":[{"href":"https:\/\/www.locoxelrojo.com\/independiente\/wp-json\/wp\/v2\/types\/post"}],"author":[{"embeddable":true,"href":"https:\/\/www.locoxelrojo.com\/independiente\/wp-json\/wp\/v2\/users\/11"}],"replies":[{"embeddable":true,"href":"https:\/\/www.locoxelrojo.com\/independiente\/wp-json\/wp\/v2\/comments?post=32571"}],"version-history":[{"count":0,"href":"https:\/\/www.locoxelrojo.com\/independiente\/wp-json\/wp\/v2\/posts\/32571\/revisions"}],"wp:featuredmedia":[{"embeddable":true,"href":"https:\/\/www.locoxelrojo.com\/independiente\/wp-json\/wp\/v2\/media\/32573"}],"wp:attachment":[{"href":"https:\/\/www.locoxelrojo.com\/independiente\/wp-json\/wp\/v2\/media?parent=32571"}],"wp:term":[{"taxonomy":"category","embeddable":true,"href":"https:\/\/www.locoxelrojo.com\/independiente\/wp-json\/wp\/v2\/categories?post=32571"},{"taxonomy":"post_tag","embeddable":true,"href":"https:\/\/www.locoxelrojo.com\/independiente\/wp-json\/wp\/v2\/tags?post=32571"}],"curies":[{"name":"wp","href":"https:\/\/api.w.org\/{rel}","templated":true}]}}