{"id":32587,"date":"2013-05-24T10:58:24","date_gmt":"2013-05-24T13:58:24","guid":{"rendered":"http:\/\/www.locoxelrojo.com.ar\/independiente\/?p=32587"},"modified":"2013-05-24T21:17:29","modified_gmt":"2013-05-25T00:17:29","slug":"zielinski-no-confirmo-el-equipo","status":"publish","type":"post","link":"https:\/\/www.locoxelrojo.com\/independiente\/2013\/05\/24\/zielinski-no-confirmo-el-equipo\/","title":{"rendered":"Zielinski no confirm\u00f3 el equipo"},"content":{"rendered":"<p><strong>El plantel de Belgrano se entren\u00f3 este viernes por la ma\u00f1ana en el predio de Villa Esqui\u00fa, con la mente puesta en el partido del domingo ante Independiente desde las 14:10 h en el estadio mundialista Mario Alberto Kempes. El T\u00e9cnico a\u00fan no confirm\u00f3 el equipo.<br \/>\n<\/strong><br \/>\nLos once que par\u00f3 hoy Ricardo Zielinski fueron: <strong>Juan Carlos Olave; Renzo Saravia, Luciano Lollo, Lucas Avelda\u00f1o, Sergio Rodr\u00edguez; Mart\u00edn Zapata, Guillermo Farr\u00e9, Esteban Gonz\u00e1lez, Jorge Vel\u00e1zquez; Lucas Melano y Fernando M\u00e1rquez.<\/strong><\/p>\n<p>En el entrenamiento de hoy, los jugadores realizaron una pr\u00e1ctica de f\u00fatbol formal y Zielinski realiz\u00f3 dos cambios con respecto al equipo que prob\u00f3 ayer: <strong>Sergio Rodr\u00edguez ocup\u00f3 el lugar de Juan Quiroga en la defensa y Jorge Vel\u00e1zquez ingres\u00f3 por C\u00e9sar Pereyra.<br \/>\n<\/strong><br \/>\n<strong>Quiroga entren\u00f3 diferenciado por una sobrecarga en el gemelo y ser\u00e1 probado ma\u00f1ana para ver si llega en condiciones al partido del domingo<\/strong>, por eso su lugar lo ocup\u00f3 Rodr\u00edguez. Por su parte, <strong>Farr\u00e9 se mostr\u00f3 recuperado de un golpe en el pie y realiz\u00f3 f\u00fatbol a la par de sus compa\u00f1eros.<\/strong><\/p>\n<p>En la pr\u00e1ctica de ma\u00f1ana, el t\u00e9cnico confirmar\u00e1 el equipo y el banco de suplentes para enfrentar al &#8220;Rojo&#8221;.<\/p>\n","protected":false},"excerpt":{"rendered":"<p>El plantel de Belgrano se entren\u00f3 este viernes por la ma\u00f1ana en el predio de Villa Esqui\u00fa, con la mente puesta en el partido del domingo ante Independiente desde las 14:10 h en el estadio mundialista Mario Alberto Kempes. El T\u00e9cnico a\u00fan no confirm\u00f3 el equipo. Los once que par\u00f3 hoy Ricardo Zielinski fueron: Juan [&hellip;]<\/p>\n","protected":false},"author":14,"featured_media":32588,"comment_status":"closed","ping_status":"closed","sticky":false,"template":"","format":"standard","meta":{"_links_to":"","_links_to_target":""},"categories":[1990,1],"tags":[899,2154,3275,2158,2084],"_links":{"self":[{"href":"https:\/\/www.locoxelrojo.com\/independiente\/wp-json\/wp\/v2\/posts\/32587"}],"collection":[{"href":"https:\/\/www.locoxelrojo.com\/independiente\/wp-json\/wp\/v2\/posts"}],"about":[{"href":"https:\/\/www.locoxelrojo.com\/independiente\/wp-json\/wp\/v2\/types\/post"}],"author":[{"embeddable":true,"href":"https:\/\/www.locoxelrojo.com\/independiente\/wp-json\/wp\/v2\/users\/14"}],"replies":[{"embeddable":true,"href":"https:\/\/www.locoxelrojo.com\/independiente\/wp-json\/wp\/v2\/comments?post=32587"}],"version-history":[{"count":0,"href":"https:\/\/www.locoxelrojo.com\/independiente\/wp-json\/wp\/v2\/posts\/32587\/revisions"}],"wp:featuredmedia":[{"embeddable":true,"href":"https:\/\/www.locoxelrojo.com\/independiente\/wp-json\/wp\/v2\/media\/32588"}],"wp:attachment":[{"href":"https:\/\/www.locoxelrojo.com\/independiente\/wp-json\/wp\/v2\/media?parent=32587"}],"wp:term":[{"taxonomy":"category","embeddable":true,"href":"https:\/\/www.locoxelrojo.com\/independiente\/wp-json\/wp\/v2\/categories?post=32587"},{"taxonomy":"post_tag","embeddable":true,"href":"https:\/\/www.locoxelrojo.com\/independiente\/wp-json\/wp\/v2\/tags?post=32587"}],"curies":[{"name":"wp","href":"https:\/\/api.w.org\/{rel}","templated":true}]}}