{"id":32746,"date":"2013-05-30T14:30:52","date_gmt":"2013-05-30T17:30:52","guid":{"rendered":"http:\/\/www.locoxelrojo.com.ar\/independiente\/?p=32746"},"modified":"2015-10-07T21:07:09","modified_gmt":"2015-10-08T00:07:09","slug":"concentrados-vs-estudiantes-sale-mancuello-y-entra-velazquez","status":"publish","type":"post","link":"https:\/\/www.locoxelrojo.com\/independiente\/2013\/05\/30\/concentrados-vs-estudiantes-sale-mancuello-y-entra-velazquez\/","title":{"rendered":"Concentrados vs. Estudiantes: sale Mancuello y entra Vel\u00e1zquez"},"content":{"rendered":"<p>Miguel Brindisi dio a conocer esta tarde la lista de 22 concentrados para el choque ante Estudiantes del pr\u00f3ximo s\u00e1bado a las 14h en Avellaneda. <strong>Federico Mancuello no estar\u00e1 presente por una distensi\u00f3n en el aductor de su pierna derecha.<\/strong><\/p>\n<p>Adem\u00e1s de la ausencia de Mancuello, <strong>se destaca la vuelta de Juli\u00e1n Vel\u00e1zquez, ya recuperado de la lesi\u00f3n que hab\u00eda sufrido. Por otro lado, si bien Claudio Morel Rodr\u00edguez est\u00e1 entre los convocados<\/strong>, a\u00fan es duda para el encuentro por su estado f\u00edsico. <strong>Brindisi deber\u00e1 dejar a cuatro jugadores afuera del banco antes del partido.<\/strong><\/p>\n<p><span style=\"text-decoration: underline;\"><strong>La lista<\/strong><\/span><\/p>\n<p><strong>Arqueros:\u00a0<\/strong>Diego Rodr\u00edguez y Fabi\u00e1n Assmann.<\/p>\n<p><strong>Defensores:\u00a0<\/strong>Juli\u00e1n Vel\u00e1zquez, Cristian Tula, Claudio Morel Rodr\u00edguez, Lucas Villalba, Leonel Galeano y Gabriel Vall\u00e9s.<\/p>\n<p><strong>Volantes: <\/strong>Leonel Miranda,\u00a0Fabi\u00e1n Monserrat, Fernando Godoy, Fabi\u00e1n Vargas, Juan Manuel Trejo, Hern\u00e1n Fredes, Osmar Ferreyra y V\u00edctor Zapata.<\/p>\n<p><strong>Delanteros:\u00a0<\/strong>Daniel Montenegro, Juan Caicedo, Francisco Pizzini, Ernesto Far\u00edas, Agust\u00edn Eloy Rodr\u00edguez y Adri\u00e1n Fern\u00e1ndez.<\/p>\n","protected":false},"excerpt":{"rendered":"<p>Miguel Brindisi dio a conocer esta tarde la lista de 22 concentrados para el choque ante Estudiantes del pr\u00f3ximo s\u00e1bado a las 14h en Avellaneda. Federico Mancuello no estar\u00e1 presente por una distensi\u00f3n en el aductor de su pierna derecha. Adem\u00e1s de la ausencia de Mancuello, se destaca la vuelta de Juli\u00e1n Vel\u00e1zquez, ya recuperado [&hellip;]<\/p>\n","protected":false},"author":11,"featured_media":32748,"comment_status":"closed","ping_status":"closed","sticky":false,"template":"","format":"standard","meta":{"_links_to":"","_links_to_target":""},"categories":[3,1],"tags":[153,2761,3062],"_links":{"self":[{"href":"https:\/\/www.locoxelrojo.com\/independiente\/wp-json\/wp\/v2\/posts\/32746"}],"collection":[{"href":"https:\/\/www.locoxelrojo.com\/independiente\/wp-json\/wp\/v2\/posts"}],"about":[{"href":"https:\/\/www.locoxelrojo.com\/independiente\/wp-json\/wp\/v2\/types\/post"}],"author":[{"embeddable":true,"href":"https:\/\/www.locoxelrojo.com\/independiente\/wp-json\/wp\/v2\/users\/11"}],"replies":[{"embeddable":true,"href":"https:\/\/www.locoxelrojo.com\/independiente\/wp-json\/wp\/v2\/comments?post=32746"}],"version-history":[{"count":0,"href":"https:\/\/www.locoxelrojo.com\/independiente\/wp-json\/wp\/v2\/posts\/32746\/revisions"}],"wp:featuredmedia":[{"embeddable":true,"href":"https:\/\/www.locoxelrojo.com\/independiente\/wp-json\/wp\/v2\/media\/32748"}],"wp:attachment":[{"href":"https:\/\/www.locoxelrojo.com\/independiente\/wp-json\/wp\/v2\/media?parent=32746"}],"wp:term":[{"taxonomy":"category","embeddable":true,"href":"https:\/\/www.locoxelrojo.com\/independiente\/wp-json\/wp\/v2\/categories?post=32746"},{"taxonomy":"post_tag","embeddable":true,"href":"https:\/\/www.locoxelrojo.com\/independiente\/wp-json\/wp\/v2\/tags?post=32746"}],"curies":[{"name":"wp","href":"https:\/\/api.w.org\/{rel}","templated":true}]}}