{"id":32775,"date":"2013-05-30T18:08:50","date_gmt":"2013-05-30T21:08:50","guid":{"rendered":"http:\/\/www.locoxelrojo.com.ar\/independiente\/?p=32775"},"modified":"2013-05-30T18:08:50","modified_gmt":"2013-05-30T21:08:50","slug":"larralde-tengo-plena-confianza-en-que-saldremos-de-esto","status":"publish","type":"post","link":"https:\/\/www.locoxelrojo.com\/independiente\/2013\/05\/30\/larralde-tengo-plena-confianza-en-que-saldremos-de-esto\/","title":{"rendered":"Larralde: &#8220;Tengo plena confianza en que saldremos de esto&#8221;"},"content":{"rendered":"<p>Pedro Larralde, Secretario General del club, fue optimista respecto del futuro de Independiente. <strong>&#8220;Tengo plena confianza en que saldremos de esto&#8221;<\/strong>, expres\u00f3. Por otro lado,<strong> habl\u00f3 de la convocatoria y entendi\u00f3 que no es momento de hablar de renovaciones de contratos.<\/strong><\/p>\n<p><strong>&#8220;Como hincha se vive una situaci\u00f3n rara porque es la primera vez que se vive algo as\u00ed en la historia. Soy optimista y tengo plena confianza en que saldremos de esto&#8221;<\/strong>, manifest\u00f3 en di\u00e1logo con Infierno Rojo Radio.<\/p>\n<p>Respecto de la convocatoria, remarc\u00f3 la buena predisposici\u00f3n de algunos acreedores. <strong>&#8220;Hemos venido trabajando de manera silenciosa en uno de nuestros principales objetivos, que es pagar la convocatoria. Todos han mostrado una excelente predisposici\u00f3n para negociar. Lo de Ins\u00faa y Cascini\u00a0toma m\u00e1s relevancia medi\u00e1tica por lo que han representado&#8221;<\/strong>, resalt\u00f3.<\/p>\n<p>En cuanto a los contratos que se terminan en junio, Larralde prefiri\u00f3 no dar informaci\u00f3n: <strong>&#8220;Cre\u00edamos que a esta altura la situaci\u00f3n iba a ser otra. Eso hace que posterguemos el tema del armado del plantel.\u00a0La temporada ha sido muy irregular con jugadores que han sido importantes en alg\u00fan momento y ahora no lo son tanto. Creo que hay que evitar generar conflictos en esta etapa&#8221;.<\/strong><\/p>\n<p>Finalmente explic\u00f3 cu\u00e1l es la situaci\u00f3n actual del Libertadores de Am\u00e9rica.<strong> &#8220;Se est\u00e1 llevando a cabo la construcci\u00f3n de los palcos en la cabecera Norte y otra en el sector Bochini.\u00a0Estamos terminando el presupuesto definitivo para buscar inversores para terminar la obra&#8221;<\/strong>, cerr\u00f3.<\/p>\n","protected":false},"excerpt":{"rendered":"<p>Pedro Larralde, Secretario General del club, fue optimista respecto del futuro de Independiente. &#8220;Tengo plena confianza en que saldremos de esto&#8221;, expres\u00f3. Por otro lado, habl\u00f3 de la convocatoria y entendi\u00f3 que no es momento de hablar de renovaciones de contratos. &#8220;Como hincha se vive una situaci\u00f3n rara porque es la primera vez que se [&hellip;]<\/p>\n","protected":false},"author":11,"featured_media":32777,"comment_status":"closed","ping_status":"closed","sticky":false,"template":"","format":"standard","meta":{"_links_to":"","_links_to_target":""},"categories":[3,1],"tags":[1177],"_links":{"self":[{"href":"https:\/\/www.locoxelrojo.com\/independiente\/wp-json\/wp\/v2\/posts\/32775"}],"collection":[{"href":"https:\/\/www.locoxelrojo.com\/independiente\/wp-json\/wp\/v2\/posts"}],"about":[{"href":"https:\/\/www.locoxelrojo.com\/independiente\/wp-json\/wp\/v2\/types\/post"}],"author":[{"embeddable":true,"href":"https:\/\/www.locoxelrojo.com\/independiente\/wp-json\/wp\/v2\/users\/11"}],"replies":[{"embeddable":true,"href":"https:\/\/www.locoxelrojo.com\/independiente\/wp-json\/wp\/v2\/comments?post=32775"}],"version-history":[{"count":0,"href":"https:\/\/www.locoxelrojo.com\/independiente\/wp-json\/wp\/v2\/posts\/32775\/revisions"}],"wp:featuredmedia":[{"embeddable":true,"href":"https:\/\/www.locoxelrojo.com\/independiente\/wp-json\/wp\/v2\/media\/32777"}],"wp:attachment":[{"href":"https:\/\/www.locoxelrojo.com\/independiente\/wp-json\/wp\/v2\/media?parent=32775"}],"wp:term":[{"taxonomy":"category","embeddable":true,"href":"https:\/\/www.locoxelrojo.com\/independiente\/wp-json\/wp\/v2\/categories?post=32775"},{"taxonomy":"post_tag","embeddable":true,"href":"https:\/\/www.locoxelrojo.com\/independiente\/wp-json\/wp\/v2\/tags?post=32775"}],"curies":[{"name":"wp","href":"https:\/\/api.w.org\/{rel}","templated":true}]}}