{"id":3283,"date":"2010-12-03T17:14:09","date_gmt":"2010-12-03T19:14:09","guid":{"rendered":"http:\/\/www.locoxelrojo.com.ar\/independiente\/?p=3283"},"modified":"2010-12-03T18:25:40","modified_gmt":"2010-12-03T20:25:40","slug":"se-viene-lanus","status":"publish","type":"post","link":"https:\/\/www.locoxelrojo.com\/independiente\/2010\/12\/03\/se-viene-lanus\/","title":{"rendered":"Se viene Lan\u00fas"},"content":{"rendered":"<p><a href=\"http:\/\/www.locoxelrojo.com.ar\/independiente\/wp-content\/uploads\/2010\/12\/cuqui_ent.jpg\"><img loading=\"lazy\" class=\"alignnone size-full wp-image-3284\" title=\"cuqui_ent\" src=\"http:\/\/www.locoxelrojo.com.ar\/independiente\/wp-content\/uploads\/2010\/12\/cuqui_ent.jpg\" alt=\"\" width=\"550\" height=\"315\" srcset=\"https:\/\/locoxelrojo.com\/independiente\/wp-content\/uploads\/2010\/12\/cuqui_ent.jpg 550w, https:\/\/locoxelrojo.com\/independiente\/wp-content\/uploads\/2010\/12\/cuqui_ent-300x171.jpg 300w\" sizes=\"(max-width: 550px) 100vw, 550px\" \/><\/a><\/p>\n<p>Todo Independiente esta pensando en la revancha del mi\u00e9rcoles por la Final de la Copa Sudamericana. Pero el domingo se viene Lan\u00fas por la fecha 17 del Torneo Apertura, quiz\u00e1s el partido m\u00e1s intrascendente en a\u00f1os, pero es importante sumar para engordar el promedio y los puntos en este torneo.<\/p>\n<p>El plantel se entren\u00f3 en el predio de Villa Dominico, luego de su paso por tierras brasileras en donde no s\u00f3lo la paso mal dentro de la cancha, con un 2 a 0 abajo y la expulsi\u00f3n de Silvera, sino tambi\u00e9n afuera donde varios jugadores e integrantes del cuerpo t\u00e9cnico sufrieron la violenta agresi\u00f3n de las fuerzas de seguridad de Brasil, como bien reflej\u00f3 el <strong>Diario Ol\u00e9<\/strong> en un video en su Sitio Web.<\/p>\n<p><strong>En cuanto a lo futbol\u00edstico, los que jugaron con Goi\u00e1s trotaron alrededor de la cancha y realizaron ejercicios regenerativos en el gimnasio. El \u00fanico ausente fue Hern\u00e1n Fredes quien se ausento de la pr\u00e1ctica por motivos personales.<\/strong><\/p>\n<p><strong> <\/strong><\/p>\n<p><strong>Pato Rodr\u00edguez quien se perfila para ser titular el mi\u00e9rcoles lleg\u00f3 con una sobrecarga muscular por eso realizo tareas en el gimnasio. Otro que puede jugar de entrada en la revancha de copa es Mart\u00edn G\u00f3mez, quien contin\u00fao su recuperaci\u00f3n de la distensi\u00f3n en el isquiotibial con sesiones de Kinesiolog\u00eda.<\/strong><\/p>\n<p>El resto realiz\u00f3 trabajos t\u00e1cticos y futbol reducido pensando en el partido frente al Granate. Antonio Mohamed en la pr\u00e1ctica de ma\u00f1ana a puertas cerradas en Villa Dominico pondr\u00e1 en cancha los 11 que enfrentaran a Lan\u00fas. <strong>Se especula con un equipo alternativo reforzado por Andr\u00e9s Silvera quien se va a perder el partido frente al Go\u00edas por la expulsi\u00f3n. El 11 ser\u00eda Gabbarini; Vall\u00e9s, C\u00e1ceres, Barcia, Maxi Vel\u00e1zquez; Pellerano, Delmonte, Iv\u00e1n P\u00e9rez; Graci\u00e1n, Silvera y Pacheco.<\/strong><\/p>\n","protected":false},"excerpt":{"rendered":"<p>Todo Independiente esta pensando en la revancha del mi\u00e9rcoles por la Final de la Copa Sudamericana. Pero el domingo se viene Lan\u00fas por la fecha 17 del Torneo Apertura, quiz\u00e1s el partido m\u00e1s intrascendente en a\u00f1os, pero es importante sumar para engordar el promedio y los puntos en este torneo. El plantel se entren\u00f3 en [&hellip;]<\/p>\n","protected":false},"author":1,"featured_media":0,"comment_status":"open","ping_status":"open","sticky":false,"template":"","format":"standard","meta":{"_links_to":"","_links_to_target":""},"categories":[3,1],"tags":[155,115,153,71,59,41],"_links":{"self":[{"href":"https:\/\/www.locoxelrojo.com\/independiente\/wp-json\/wp\/v2\/posts\/3283"}],"collection":[{"href":"https:\/\/www.locoxelrojo.com\/independiente\/wp-json\/wp\/v2\/posts"}],"about":[{"href":"https:\/\/www.locoxelrojo.com\/independiente\/wp-json\/wp\/v2\/types\/post"}],"author":[{"embeddable":true,"href":"https:\/\/www.locoxelrojo.com\/independiente\/wp-json\/wp\/v2\/users\/1"}],"replies":[{"embeddable":true,"href":"https:\/\/www.locoxelrojo.com\/independiente\/wp-json\/wp\/v2\/comments?post=3283"}],"version-history":[{"count":0,"href":"https:\/\/www.locoxelrojo.com\/independiente\/wp-json\/wp\/v2\/posts\/3283\/revisions"}],"wp:attachment":[{"href":"https:\/\/www.locoxelrojo.com\/independiente\/wp-json\/wp\/v2\/media?parent=3283"}],"wp:term":[{"taxonomy":"category","embeddable":true,"href":"https:\/\/www.locoxelrojo.com\/independiente\/wp-json\/wp\/v2\/categories?post=3283"},{"taxonomy":"post_tag","embeddable":true,"href":"https:\/\/www.locoxelrojo.com\/independiente\/wp-json\/wp\/v2\/tags?post=3283"}],"curies":[{"name":"wp","href":"https:\/\/api.w.org\/{rel}","templated":true}]}}