{"id":32912,"date":"2013-06-05T15:30:29","date_gmt":"2013-06-05T18:30:29","guid":{"rendered":"http:\/\/www.locoxelrojo.com.ar\/independiente\/?p=32912"},"modified":"2013-06-05T15:47:57","modified_gmt":"2013-06-05T18:47:57","slug":"el-equipo-toma-forma-2","status":"publish","type":"post","link":"https:\/\/www.locoxelrojo.com\/independiente\/2013\/06\/05\/el-equipo-toma-forma-2\/","title":{"rendered":"El equipo toma forma"},"content":{"rendered":"<p>El plantel de Independiente se entren\u00f3 esta ma\u00f1ana en Villa Dom\u00ednico y <strong>Miguel Brindisi dio indicios de lo que podr\u00eda ser el equipo titular ante River el pr\u00f3ximo domingo. Francisco Pizzini ocup\u00f3 el lugar de Juan Caicedo, que todav\u00eda est\u00e1 en duda.<\/strong><\/p>\n<p>Se viene un duelo crucial, a s\u00f3lo tres fechas del final, ante el equipo de Ram\u00f3n D\u00edaz. S\u00f3lo sirve ganar y todos en el club lo saben. Por eso, <strong>ante la presencia de Javier Cantero en el predio Santo Domingo<\/strong>, el entrenador dispuso de una pr\u00e1ctica de f\u00fatbol informal con:\u00a0<strong>Diego Rodr\u00edguez; Juli\u00e1n Vel\u00e1zquez, Cristian Tula, Leonel Galeano, Lucas Villalba; Hern\u00e1n Fredes, Fabi\u00e1n Vargas, Juan Manuel Trejo; Daniel Montenegro; Francisco Pizzini y Adri\u00e1n Fern\u00e1ndez<\/strong>.<\/p>\n<p>En cuanto a los lesionados, <strong>Claudio Morel Rodr\u00edguez trabaj\u00f3 diferenciado, aunque llegar\u00eda al encuentro y ocupar\u00eda el lugar de Galeano en el equipo que jug\u00f3 hoy.<\/strong> Adem\u00e1s, Juan Caicedo no pudo entrenar con normalidad por la distensi\u00f3n que sufri\u00f3 en el recto abdominal, <strong>pero le confirm\u00f3 a LocoXelRojo que se siente mejor y esperar\u00e1 estos dos d\u00edas para ver como evoluciona. Todav\u00eda no est\u00e1 descartado para jugar algunos minutos.<\/strong><\/p>\n<p>Los jugadores se quedaron a comer un asado con algunos dirigentes y<strong> volver\u00e1n a las pr\u00e1cticas ma\u00f1ana por la tarde en el Libertadores de Am\u00e9rica a puertas cerradas.<\/strong><\/p>\n","protected":false},"excerpt":{"rendered":"<p>El plantel de Independiente se entren\u00f3 esta ma\u00f1ana en Villa Dom\u00ednico y Miguel Brindisi dio indicios de lo que podr\u00eda ser el equipo titular ante River el pr\u00f3ximo domingo. Francisco Pizzini ocup\u00f3 el lugar de Juan Caicedo, que todav\u00eda est\u00e1 en duda. Se viene un duelo crucial, a s\u00f3lo tres fechas del final, ante el [&hellip;]<\/p>\n","protected":false},"author":11,"featured_media":32922,"comment_status":"closed","ping_status":"closed","sticky":false,"template":"","format":"standard","meta":{"_links_to":"","_links_to_target":""},"categories":[3,1],"tags":[26,834,2132,485,172],"_links":{"self":[{"href":"https:\/\/www.locoxelrojo.com\/independiente\/wp-json\/wp\/v2\/posts\/32912"}],"collection":[{"href":"https:\/\/www.locoxelrojo.com\/independiente\/wp-json\/wp\/v2\/posts"}],"about":[{"href":"https:\/\/www.locoxelrojo.com\/independiente\/wp-json\/wp\/v2\/types\/post"}],"author":[{"embeddable":true,"href":"https:\/\/www.locoxelrojo.com\/independiente\/wp-json\/wp\/v2\/users\/11"}],"replies":[{"embeddable":true,"href":"https:\/\/www.locoxelrojo.com\/independiente\/wp-json\/wp\/v2\/comments?post=32912"}],"version-history":[{"count":0,"href":"https:\/\/www.locoxelrojo.com\/independiente\/wp-json\/wp\/v2\/posts\/32912\/revisions"}],"wp:featuredmedia":[{"embeddable":true,"href":"https:\/\/www.locoxelrojo.com\/independiente\/wp-json\/wp\/v2\/media\/32922"}],"wp:attachment":[{"href":"https:\/\/www.locoxelrojo.com\/independiente\/wp-json\/wp\/v2\/media?parent=32912"}],"wp:term":[{"taxonomy":"category","embeddable":true,"href":"https:\/\/www.locoxelrojo.com\/independiente\/wp-json\/wp\/v2\/categories?post=32912"},{"taxonomy":"post_tag","embeddable":true,"href":"https:\/\/www.locoxelrojo.com\/independiente\/wp-json\/wp\/v2\/tags?post=32912"}],"curies":[{"name":"wp","href":"https:\/\/api.w.org\/{rel}","templated":true}]}}