{"id":33038,"date":"2013-06-10T20:29:11","date_gmt":"2013-06-10T23:29:11","guid":{"rendered":"http:\/\/www.locoxelrojo.com.ar\/independiente\/?p=33038"},"modified":"2013-06-10T20:29:11","modified_gmt":"2013-06-10T23:29:11","slug":"grondona-estoy-muy-golpeado-pero-el-futbol-es-asi","status":"publish","type":"post","link":"https:\/\/www.locoxelrojo.com\/independiente\/2013\/06\/10\/grondona-estoy-muy-golpeado-pero-el-futbol-es-asi\/","title":{"rendered":"Grondona: &#8220;Estoy muy golpeado, pero el f\u00fatbol es as\u00ed&#8221;"},"content":{"rendered":"<p><strong>Julio Grondona expres\u00f3 sus sensaciones en relaci\u00f3n al presente del Club Atl\u00e9tico Independiente. \u201cEstoy muy golpeado, pero el f\u00fatbol es as\u00ed\u201d, lament\u00f3 el presidente de la Asociaci\u00f3n del F\u00fatbol Argentino.<\/strong><\/p>\n<p><strong>&#8220;Algo m\u00e1s que faltaba en este a\u00f1o tan dif\u00edcil. Estoy muy golpeado, pero el f\u00fatbol es as\u00ed, le toc\u00f3 a River en su momento. Veo muy dif\u00edcil que no se vaya Independiente, por eso estoy mal. Ya est\u00e1, es f\u00fatbol&#8221;<\/strong>, le dijo Grondona a la agencia de noticias T\u00e9lam.<\/p>\n<p>Por \u00faltimo, el tambi\u00e9n expresidente del club prefiri\u00f3 no se\u00f1alar culpables. <strong>\u201cNo s\u00e9 qui\u00e9n tiene la culpa, hace 34 a\u00f1os que no estoy en ese club&#8221;<\/strong>, cerr\u00f3.<\/p>\n","protected":false},"excerpt":{"rendered":"<p>Julio Grondona expres\u00f3 sus sensaciones en relaci\u00f3n al presente del Club Atl\u00e9tico Independiente. \u201cEstoy muy golpeado, pero el f\u00fatbol es as\u00ed\u201d, lament\u00f3 el presidente de la Asociaci\u00f3n del F\u00fatbol Argentino. &#8220;Algo m\u00e1s que faltaba en este a\u00f1o tan dif\u00edcil. Estoy muy golpeado, pero el f\u00fatbol es as\u00ed, le toc\u00f3 a River en su momento. Veo [&hellip;]<\/p>\n","protected":false},"author":1,"featured_media":33039,"comment_status":"closed","ping_status":"closed","sticky":false,"template":"","format":"standard","meta":{"_links_to":"","_links_to_target":""},"categories":[3,4,1],"tags":[833],"_links":{"self":[{"href":"https:\/\/www.locoxelrojo.com\/independiente\/wp-json\/wp\/v2\/posts\/33038"}],"collection":[{"href":"https:\/\/www.locoxelrojo.com\/independiente\/wp-json\/wp\/v2\/posts"}],"about":[{"href":"https:\/\/www.locoxelrojo.com\/independiente\/wp-json\/wp\/v2\/types\/post"}],"author":[{"embeddable":true,"href":"https:\/\/www.locoxelrojo.com\/independiente\/wp-json\/wp\/v2\/users\/1"}],"replies":[{"embeddable":true,"href":"https:\/\/www.locoxelrojo.com\/independiente\/wp-json\/wp\/v2\/comments?post=33038"}],"version-history":[{"count":0,"href":"https:\/\/www.locoxelrojo.com\/independiente\/wp-json\/wp\/v2\/posts\/33038\/revisions"}],"wp:featuredmedia":[{"embeddable":true,"href":"https:\/\/www.locoxelrojo.com\/independiente\/wp-json\/wp\/v2\/media\/33039"}],"wp:attachment":[{"href":"https:\/\/www.locoxelrojo.com\/independiente\/wp-json\/wp\/v2\/media?parent=33038"}],"wp:term":[{"taxonomy":"category","embeddable":true,"href":"https:\/\/www.locoxelrojo.com\/independiente\/wp-json\/wp\/v2\/categories?post=33038"},{"taxonomy":"post_tag","embeddable":true,"href":"https:\/\/www.locoxelrojo.com\/independiente\/wp-json\/wp\/v2\/tags?post=33038"}],"curies":[{"name":"wp","href":"https:\/\/api.w.org\/{rel}","templated":true}]}}