{"id":3305,"date":"2010-12-05T03:48:50","date_gmt":"2010-12-05T05:48:50","guid":{"rendered":"http:\/\/www.locoxelrojo.com.ar\/independiente\/?p=3305"},"modified":"2015-09-09T14:25:09","modified_gmt":"2015-09-09T17:25:09","slug":"acampando-en-el-libertadores","status":"publish","type":"post","link":"https:\/\/www.locoxelrojo.com\/independiente\/2010\/12\/05\/acampando-en-el-libertadores\/","title":{"rendered":"Acampando en el Libertadores"},"content":{"rendered":"<p><a href=\"http:\/\/www.locoxelrojo.com.ar\/independiente\/wp-content\/uploads\/2010\/12\/fila.jpg\"><img loading=\"lazy\" class=\"alignnone size-full wp-image-3306\" title=\"fila\" src=\"http:\/\/www.locoxelrojo.com.ar\/independiente\/wp-content\/uploads\/2010\/12\/fila.jpg\" alt=\"\" width=\"550\" height=\"315\" srcset=\"https:\/\/locoxelrojo.com\/independiente\/wp-content\/uploads\/2010\/12\/fila.jpg 550w, https:\/\/locoxelrojo.com\/independiente\/wp-content\/uploads\/2010\/12\/fila-300x171.jpg 300w\" sizes=\"(max-width: 550px) 100vw, 550px\" \/><\/a><\/p>\n<p>La gente est\u00e1 que trina, Independiente quiere volver a decir campe\u00f3n despu\u00e9s de 15 a\u00f1os y en un cert\u00e1men internacional. A la gente no la intimidan los 2 goles abajo que nos trajimos de Brasil y siendo casi las 3 de la ma\u00f1ana, la fila de la tribuna popular Norte llega hasta la cancha de Racing.<\/p>\n<p>Distinto es el caso de la tribuna Sur en donde la fila tiene solo 2 cuadras (habr\u00e1 solo 3500 generales en esta ubicaci\u00f3n). El clima es distendido -por ahora- y hay m\u00fasica, parrilla y hasta un torneo de f\u00fatbol. La venta est\u00e1 estipulada para las 11 horas y descartamos que arranque antes porque seg\u00fan pudimos hablar durante la tarde con los dirigentes, a los empleados del club se les pagar\u00e1n las horas extras correspondiente por trabajar durante un domingo.<\/p>\n<p>Record\u00e1 que el canje de plateas es hasta las 5pm por la puerta 2.<\/p>\n<p>\u00bfY las entradas para ir a Lan\u00fas? Se vender\u00e1n en la cancha aunque la cabeza este puesta en la Sudamericana&#8230;<\/p>\n","protected":false},"excerpt":{"rendered":"<p>La gente est\u00e1 que trina, Independiente quiere volver a decir campe\u00f3n despu\u00e9s de 15 a\u00f1os y en un cert\u00e1men internacional. A la gente no la intimidan los 2 goles abajo que nos trajimos de Brasil y siendo casi las 3 de la ma\u00f1ana, la fila de la tribuna popular Norte llega hasta la cancha de [&hellip;]<\/p>\n","protected":false},"author":1,"featured_media":0,"comment_status":"open","ping_status":"open","sticky":false,"template":"","format":"standard","meta":{"_links_to":"","_links_to_target":""},"categories":[1,19],"tags":[247,317,185,330,331,20],"_links":{"self":[{"href":"https:\/\/www.locoxelrojo.com\/independiente\/wp-json\/wp\/v2\/posts\/3305"}],"collection":[{"href":"https:\/\/www.locoxelrojo.com\/independiente\/wp-json\/wp\/v2\/posts"}],"about":[{"href":"https:\/\/www.locoxelrojo.com\/independiente\/wp-json\/wp\/v2\/types\/post"}],"author":[{"embeddable":true,"href":"https:\/\/www.locoxelrojo.com\/independiente\/wp-json\/wp\/v2\/users\/1"}],"replies":[{"embeddable":true,"href":"https:\/\/www.locoxelrojo.com\/independiente\/wp-json\/wp\/v2\/comments?post=3305"}],"version-history":[{"count":0,"href":"https:\/\/www.locoxelrojo.com\/independiente\/wp-json\/wp\/v2\/posts\/3305\/revisions"}],"wp:attachment":[{"href":"https:\/\/www.locoxelrojo.com\/independiente\/wp-json\/wp\/v2\/media?parent=3305"}],"wp:term":[{"taxonomy":"category","embeddable":true,"href":"https:\/\/www.locoxelrojo.com\/independiente\/wp-json\/wp\/v2\/categories?post=3305"},{"taxonomy":"post_tag","embeddable":true,"href":"https:\/\/www.locoxelrojo.com\/independiente\/wp-json\/wp\/v2\/tags?post=3305"}],"curies":[{"name":"wp","href":"https:\/\/api.w.org\/{rel}","templated":true}]}}